{"id":1223,"global_id":"der-kleine-landladen.de?id=1223","global_id_lineage":["der-kleine-landladen.de?id=1223"],"author":"1","status":"publish","date":"2020-10-15 14:46:42","date_utc":"2020-10-15 12:46:42","modified":"2020-11-05 12:59:36","modified_utc":"2020-11-05 11:59:36","url":"https:\/\/der-kleine-landladen.de\/?tribe_events=advensausstellung-in-klein-doebbern","rest_url":"https:\/\/der-kleine-landladen.de\/index.php?rest_route=\/tribe\/events\/v1\/events\/1223","title":"Adventszeit in Klein D\u00f6bbern","description":"<p><em><span style=\"font-size: 14pt;\">Am 07.11. in der Zeit von 13 bis 19 Uhr laden wir alle unsere Kunden zur Er\u00f6ffnung der Adventszeit recht herzlich ein. Neben Kaffee, Gl\u00fchwein und Kuchen, werden die Feuerschalen f\u00fcr eine heimliche Atmosph\u00e4re sorgen.<\/span><\/em><\/p>","excerpt":"<p>Am 07.11 in der Zeit von 13 bis 19 Uhr, laden wir alle unsere Kunden zur Er\u00f6ffnung der Adventszeit recht herzlich ein. Neben Kaffee, Gl\u00fchwein und Kuchen, werden die Feuerschalen f\u00fcr eine heimliche Atmosph\u00e4re sorgen.<\/p>","slug":"advensausstellung-in-klein-doebbern","image":{"url":"https:\/\/i0.wp.com\/der-kleine-landladen.de\/wp-content\/uploads\/2020\/10\/Screenshot_20201019-135033_Instagram.jpg?fit=1076%2C910&ssl=1","id":1230,"extension":"jpg","width":1076,"height":910,"sizes":{"medium":{"width":500,"height":423,"mime-type":"image\/jpeg","url":"https:\/\/i0.wp.com\/der-kleine-landladen.de\/wp-content\/uploads\/2020\/10\/Screenshot_20201019-135033_Instagram.jpg?fit=500%2C423&ssl=1"},"large":{"width":1024,"height":866,"mime-type":"image\/jpeg","url":"https:\/\/i0.wp.com\/der-kleine-landladen.de\/wp-content\/uploads\/2020\/10\/Screenshot_20201019-135033_Instagram.jpg?fit=525%2C444&ssl=1"},"thumbnail":{"width":500,"height":423,"mime-type":"image\/jpeg","url":"https:\/\/i0.wp.com\/der-kleine-landladen.de\/wp-content\/uploads\/2020\/10\/Screenshot_20201019-135033_Instagram.jpg?fit=500%2C423&ssl=1"},"medium_large":{"width":768,"height":650,"mime-type":"image\/jpeg","url":"https:\/\/i0.wp.com\/der-kleine-landladen.de\/wp-content\/uploads\/2020\/10\/Screenshot_20201019-135033_Instagram.jpg?fit=525%2C444&ssl=1"},"elegant-pink-post-thumb":{"width":80,"height":66,"mime-type":"image\/jpeg","url":"https:\/\/der-kleine-landladen.de\/wp-content\/uploads\/2020\/10\/Screenshot_20201019-135033_Instagram-80x66.jpg"},"elegant-pink-slider":{"width":1076,"height":696,"mime-type":"image\/jpeg","url":"https:\/\/der-kleine-landladen.de\/wp-content\/uploads\/2020\/10\/Screenshot_20201019-135033_Instagram-1076x696.jpg"},"elegant-pink-image":{"width":780,"height":500,"mime-type":"image\/jpeg","url":"https:\/\/der-kleine-landladen.de\/wp-content\/uploads\/2020\/10\/Screenshot_20201019-135033_Instagram-780x500.jpg"},"elegant-pink-image-full":{"width":1076,"height":500,"mime-type":"image\/jpeg","url":"https:\/\/der-kleine-landladen.de\/wp-content\/uploads\/2020\/10\/Screenshot_20201019-135033_Instagram-1076x500.jpg"},"elegant-pink-featured-image":{"width":280,"height":250,"mime-type":"image\/jpeg","url":"https:\/\/der-kleine-landladen.de\/wp-content\/uploads\/2020\/10\/Screenshot_20201019-135033_Instagram-280x250.jpg"},"elegant-pink-3col-image":{"width":380,"height":228,"mime-type":"image\/jpeg","url":"https:\/\/der-kleine-landladen.de\/wp-content\/uploads\/2020\/10\/Screenshot_20201019-135033_Instagram-380x228.jpg"},"elegant-pink-schema":{"width":600,"height":60,"mime-type":"image\/jpeg","url":"https:\/\/der-kleine-landladen.de\/wp-content\/uploads\/2020\/10\/Screenshot_20201019-135033_Instagram-600x60.jpg"}}},"all_day":false,"start_date":"2020-11-07 13:00:00","start_date_details":{"year":"2020","month":"11","day":"07","hour":"13","minutes":"00","seconds":"00"},"end_date":"2020-11-07 19:00:00","end_date_details":{"year":"2020","month":"11","day":"07","hour":"19","minutes":"00","seconds":"00"},"utc_start_date":"2020-11-07 12:00:00","utc_start_date_details":{"year":"2020","month":"11","day":"07","hour":"12","minutes":"00","seconds":"00"},"utc_end_date":"2020-11-07 18:00:00","utc_end_date_details":{"year":"2020","month":"11","day":"07","hour":"18","minutes":"00","seconds":"00"},"timezone":"Europe\/Berlin","timezone_abbr":"CET","cost":"","cost_details":{"currency_symbol":"","currency_code":"","currency_position":"prefix","values":[]},"website":"","show_map":true,"show_map_link":true,"hide_from_listings":false,"sticky":true,"featured":false,"categories":[{"name":"aktuelle Veranstaltungen","slug":"aktuelle-veranstaltungen","term_group":0,"term_taxonomy_id":33,"taxonomy":"tribe_events_cat","description":"","parent":0,"count":10,"filter":"raw","id":33,"urls":{"self":"https:\/\/der-kleine-landladen.de\/index.php?rest_route=\/tribe\/events\/v1\/categories\/33","collection":"https:\/\/der-kleine-landladen.de\/index.php?rest_route=\/tribe\/events\/v1\/categories"}}],"tags":[],"venue":{"id":1225,"author":"1","status":"publish","date":"2020-10-15 14:46:42","date_utc":"2020-10-15 12:46:42","modified":"2020-10-15 14:46:42","modified_utc":"2020-10-15 12:46:42","url":"https:\/\/der-kleine-landladen.de\/?tribe_venue=klein-doebbern","venue":"Klein D\u00f6bbern","slug":"klein-doebbern","address":"Kastanienweg 3","city":"Klein D\u00f6bbern","country":"Deutschland","province":"Brandenburg","zip":"03058","stateprovince":"Brandenburg","json_ld":{"@type":"Place","name":"Klein D\u00f6bbern","description":"","url":"","address":{"@type":"PostalAddress","streetAddress":"Kastanienweg 3","addressLocality":"Klein D\u00f6bbern","addressRegion":"Brandenburg","postalCode":"03058","addressCountry":"Deutschland"},"telephone":"","sameAs":""},"show_map":true,"show_map_link":true,"global_id":"der-kleine-landladen.de?id=1225","global_id_lineage":["der-kleine-landladen.de?id=1225"]},"organizer":[{"id":1226,"author":"1","status":"publish","date":"2020-10-15 14:46:42","date_utc":"2020-10-15 12:46:42","modified":"2020-10-15 14:46:42","modified_utc":"2020-10-15 12:46:42","url":"https:\/\/der-kleine-landladen.de\/?tribe_organizer=der-kleine-landladen","organizer":"Der kleine Landladen","slug":"der-kleine-landladen","website":"www.der-kleine-landladen.de","email":"info@der-kleine-landlanden.de","json_ld":{"@type":"Person","name":"Der kleine Landladen","description":"","url":"http:\/\/www.der-kleine-landladen.de","telephone":"","email":"i&#110;fo&#64;d&#101;&#114;-&#107;le&#105;&#110;&#101;&#45;&#108;an&#100;&#108;a&#110;d&#101;&#110;.&#100;e","sameAs":"http:\/\/www.der-kleine-landladen.de"},"global_id":"der-kleine-landladen.de?id=1226","global_id_lineage":["der-kleine-landladen.de?id=1226"]}],"custom_fields":[],"json_ld":{"@context":"http:\/\/schema.org","@type":"Event","name":"Adventszeit in Klein D\u00f6bbern","description":"&lt;p&gt;Am 07.11 in der Zeit von 13 bis 19 Uhr, laden wir alle unsere Kunden zur Er\u00f6ffnung der Adventszeit recht herzlich ein. Neben Kaffee, Gl\u00fchwein und Kuchen, werden die Feuerschalen f\u00fcr eine heimliche Atmosph\u00e4re sorgen.&lt;\/p&gt;\\n","image":"https:\/\/der-kleine-landladen.de\/wp-content\/uploads\/2020\/10\/Screenshot_20201019-135033_Instagram.jpg","url":"https:\/\/der-kleine-landladen.de\/?tribe_events=advensausstellung-in-klein-doebbern","eventAttendanceMode":"https:\/\/schema.org\/OfflineEventAttendanceMode","eventStatus":"https:\/\/schema.org\/EventScheduled","startDate":"2020-11-07T13:00:00+01:00","endDate":"2020-11-07T19:00:00+01:00","location":{"@type":"Place","name":"Klein D\u00f6bbern","description":"","url":"","address":{"@type":"PostalAddress","streetAddress":"Kastanienweg 3","addressLocality":"Klein D\u00f6bbern","addressRegion":"Brandenburg","postalCode":"03058","addressCountry":"Deutschland"},"telephone":"","sameAs":""},"organizer":{"@type":"Person","name":"Der kleine Landladen","description":"","url":"http:\/\/www.der-kleine-landladen.de","telephone":"","email":"i&#110;f&#111;&#64;&#100;e&#114;&#45;&#107;l&#101;i&#110;e&#45;&#108;and&#108;a&#110;d&#101;n&#46;de","sameAs":"http:\/\/www.der-kleine-landladen.de"},"performer":"Organization"}}