{"id":1552,"date":"2021-10-31T17:47:04","date_gmt":"2021-10-31T16:47:04","guid":{"rendered":"https:\/\/der-kleine-landladen.de\/?p=1552"},"modified":"2021-10-31T17:47:04","modified_gmt":"2021-10-31T16:47:04","slug":"weihnachts-event-in-klein-doebbern","status":"publish","type":"post","link":"https:\/\/der-kleine-landladen.de\/?p=1552","title":{"rendered":"Weihnachts- Event in Klein D\u00f6bbern"},"content":{"rendered":"<p>Ja es ist wieder soweit, der Vorweihnachtsmarkt auf unserem Hof nimmt Gestalt an.<\/p>\n<p>Mit unserem diesj\u00e4hrigen Motto &#8220; Oh du sch\u00f6ne Weihnachtszeit&#8220; wollen wir euch und uns auf die kommende Weihnachtszeit einstimmen. Wir freuen uns auf alle unsere Besucher. Da es im letzten Jahr mit dem gro\u00dfen Verkaufszelt wunderbar geklappt hat, probieren wir es es gleich noch einmal aus. Freut euch mit uns auf eine sch\u00f6ne Zeit.<\/p>\n<p>Selbstverst\u00e4ndlich, ist f\u00fcr Gl\u00fchwein, Kaffee und Kuchen gesorgt. Lasst euch \u00fcberraschen, wir haben uns etwas einfallen lassen.<\/p>\n<p>Hier noch einmal unser Flyer.<\/p>\n<p><img data-recalc-dims=\"1\" loading=\"lazy\" decoding=\"async\" class=\"alignnone size-medium wp-image-1554\" src=\"https:\/\/i0.wp.com\/der-kleine-landladen.de\/wp-content\/uploads\/2021\/10\/20211031_103536.jpg?resize=500%2C360&#038;ssl=1\" alt=\"\" width=\"500\" height=\"360\" srcset=\"https:\/\/i0.wp.com\/der-kleine-landladen.de\/wp-content\/uploads\/2021\/10\/20211031_103536-scaled.jpg?resize=500%2C360&amp;ssl=1 500w, https:\/\/i0.wp.com\/der-kleine-landladen.de\/wp-content\/uploads\/2021\/10\/20211031_103536-scaled.jpg?resize=1024%2C738&amp;ssl=1 1024w, https:\/\/i0.wp.com\/der-kleine-landladen.de\/wp-content\/uploads\/2021\/10\/20211031_103536-scaled.jpg?resize=768%2C553&amp;ssl=1 768w, https:\/\/i0.wp.com\/der-kleine-landladen.de\/wp-content\/uploads\/2021\/10\/20211031_103536-scaled.jpg?resize=1536%2C1107&amp;ssl=1 1536w, https:\/\/i0.wp.com\/der-kleine-landladen.de\/wp-content\/uploads\/2021\/10\/20211031_103536-scaled.jpg?resize=2048%2C1476&amp;ssl=1 2048w, https:\/\/i0.wp.com\/der-kleine-landladen.de\/wp-content\/uploads\/2021\/10\/20211031_103536-scaled.jpg?resize=1140%2C821&amp;ssl=1 1140w\" sizes=\"auto, (max-width: 500px) 100vw, 500px\" \/><\/p>\n<p><img data-recalc-dims=\"1\" loading=\"lazy\" decoding=\"async\" class=\"alignnone size-medium wp-image-1553\" src=\"https:\/\/i0.wp.com\/der-kleine-landladen.de\/wp-content\/uploads\/2021\/10\/20211031_103550.jpg?resize=500%2C364&#038;ssl=1\" alt=\"\" width=\"500\" height=\"364\" srcset=\"https:\/\/i0.wp.com\/der-kleine-landladen.de\/wp-content\/uploads\/2021\/10\/20211031_103550-scaled.jpg?resize=500%2C364&amp;ssl=1 500w, https:\/\/i0.wp.com\/der-kleine-landladen.de\/wp-content\/uploads\/2021\/10\/20211031_103550-scaled.jpg?resize=1024%2C745&amp;ssl=1 1024w, https:\/\/i0.wp.com\/der-kleine-landladen.de\/wp-content\/uploads\/2021\/10\/20211031_103550-scaled.jpg?resize=768%2C559&amp;ssl=1 768w, https:\/\/i0.wp.com\/der-kleine-landladen.de\/wp-content\/uploads\/2021\/10\/20211031_103550-scaled.jpg?resize=1536%2C1118&amp;ssl=1 1536w, https:\/\/i0.wp.com\/der-kleine-landladen.de\/wp-content\/uploads\/2021\/10\/20211031_103550-scaled.jpg?resize=2048%2C1490&amp;ssl=1 2048w, https:\/\/i0.wp.com\/der-kleine-landladen.de\/wp-content\/uploads\/2021\/10\/20211031_103550-scaled.jpg?resize=1140%2C830&amp;ssl=1 1140w\" sizes=\"auto, (max-width: 500px) 100vw, 500px\" \/><\/p>\n","protected":false},"excerpt":{"rendered":"<p>Ja es ist wieder soweit, der Vorweihnachtsmarkt auf unserem Hof nimmt Gestalt an. Mit unserem diesj\u00e4hrigen Motto &#8220; Oh du sch\u00f6ne Weihnachtszeit&#8220; wollen wir euch und uns auf die kommende &hellip; <\/p>\n<p class=\"link-more\"><a href=\"https:\/\/der-kleine-landladen.de\/?p=1552\" class=\"more-link\"><span class=\"screen-reader-text\">\u201eWeihnachts- Event in Klein D\u00f6bbern\u201c <\/span>weiterlesen<\/a><\/p>\n","protected":false},"author":1,"featured_media":0,"comment_status":"open","ping_status":"open","sticky":false,"template":"","format":"standard","meta":{"_jetpack_memberships_contains_paid_content":false,"footnotes":"","jetpack_publicize_message":"","jetpack_publicize_feature_enabled":true,"jetpack_social_post_already_shared":false,"jetpack_social_options":{"image_generator_settings":{"template":"highway","default_image_id":0,"font":"","enabled":false},"version":2}},"categories":[89,91,1],"tags":[],"class_list":["post-1552","post","type-post","status-publish","format-standard","hentry","category-neues","category-news","category-liebevolle-deko-geschenkideen-willkommen-im-kleinen-landladen-in-klein-doebbern"],"jetpack_publicize_connections":[],"jetpack_featured_media_url":"","jetpack-related-posts":[],"jetpack_sharing_enabled":true,"_links":{"self":[{"href":"https:\/\/der-kleine-landladen.de\/index.php?rest_route=\/wp\/v2\/posts\/1552","targetHints":{"allow":["GET"]}}],"collection":[{"href":"https:\/\/der-kleine-landladen.de\/index.php?rest_route=\/wp\/v2\/posts"}],"about":[{"href":"https:\/\/der-kleine-landladen.de\/index.php?rest_route=\/wp\/v2\/types\/post"}],"author":[{"embeddable":true,"href":"https:\/\/der-kleine-landladen.de\/index.php?rest_route=\/wp\/v2\/users\/1"}],"replies":[{"embeddable":true,"href":"https:\/\/der-kleine-landladen.de\/index.php?rest_route=%2Fwp%2Fv2%2Fcomments&post=1552"}],"version-history":[{"count":1,"href":"https:\/\/der-kleine-landladen.de\/index.php?rest_route=\/wp\/v2\/posts\/1552\/revisions"}],"predecessor-version":[{"id":1555,"href":"https:\/\/der-kleine-landladen.de\/index.php?rest_route=\/wp\/v2\/posts\/1552\/revisions\/1555"}],"wp:attachment":[{"href":"https:\/\/der-kleine-landladen.de\/index.php?rest_route=%2Fwp%2Fv2%2Fmedia&parent=1552"}],"wp:term":[{"taxonomy":"category","embeddable":true,"href":"https:\/\/der-kleine-landladen.de\/index.php?rest_route=%2Fwp%2Fv2%2Fcategories&post=1552"},{"taxonomy":"post_tag","embeddable":true,"href":"https:\/\/der-kleine-landladen.de\/index.php?rest_route=%2Fwp%2Fv2%2Ftags&post=1552"}],"curies":[{"name":"wp","href":"https:\/\/api.w.org\/{rel}","templated":true}]}}