{"id":1888,"date":"2022-08-24T21:10:07","date_gmt":"2022-08-24T19:10:07","guid":{"rendered":"https:\/\/der-kleine-landladen.de\/?p=1888"},"modified":"2022-08-24T21:21:45","modified_gmt":"2022-08-24T19:21:45","slug":"naturmarkt-in-wartha","status":"publish","type":"post","link":"https:\/\/der-kleine-landladen.de\/?p=1888","title":{"rendered":"Naturmarkt in Wartha"},"content":{"rendered":"<p>Am 10.September finden auf dem\u00a0 auf dem Hof der Biosph\u00e4renreservatsverwaltung in Wartha Gmd. Malschwitz<\/p>\n<p>Warthaer Dorfstra\u00dfe 29<\/p>\n<p>der diesj\u00e4hrige Naturmarkt statt.<\/p>\n<p>Wir laden all unsere Freunde, Kunden und Besucher recht herzlich dazu ein.<\/p>\n<p>&nbsp;<\/p>\n<p><img data-recalc-dims=\"1\" fetchpriority=\"high\" decoding=\"async\" class=\"alignnone size-full wp-image-1889\" src=\"https:\/\/i0.wp.com\/der-kleine-landladen.de\/wp-content\/uploads\/2022\/08\/Herbstmarkt_Wartha.jpg?resize=495%2C330&#038;ssl=1\" alt=\"\" width=\"495\" height=\"330\" \/><\/p>\n","protected":false},"excerpt":{"rendered":"<p>Am 10.September finden auf dem\u00a0 auf dem Hof der Biosph\u00e4renreservatsverwaltung in Wartha Gmd. Malschwitz Warthaer Dorfstra\u00dfe 29 der diesj\u00e4hrige Naturmarkt statt. Wir laden all unsere Freunde, Kunden und Besucher recht herzlich dazu ein. &nbsp;<\/p>\n","protected":false},"author":1,"featured_media":0,"comment_status":"open","ping_status":"open","sticky":false,"template":"","format":"standard","meta":{"_jetpack_newsletter_access":"","_jetpack_dont_email_post_to_subs":false,"_jetpack_newsletter_tier_id":0,"_jetpack_memberships_contains_paywalled_content":false,"_jetpack_feature_clip_id":0,"_jetpack_memberships_contains_paid_content":false,"footnotes":"","jetpack_publicize_message":"","jetpack_publicize_feature_enabled":true,"jetpack_social_post_already_shared":false,"jetpack_social_options":{"image_generator_settings":{"template":"highway","default_image_id":0,"font":"","enabled":false},"version":2},"jetpack_post_was_ever_published":false},"categories":[70,82,86,88,89,90,91,1],"tags":[],"class_list":["post-1888","post","type-post","status-publish","format-standard","hentry","category-brocande","category-kraenze","category-maerkte","category-naturdekoration","category-neues","category-neues-und-altes","category-news","category-liebevolle-deko-geschenkideen-willkommen-im-kleinen-landladen-in-klein-doebbern"],"jetpack_publicize_connections":[],"jetpack_featured_media_url":"","jetpack-related-posts":[],"jetpack_sharing_enabled":true,"_links":{"self":[{"href":"https:\/\/der-kleine-landladen.de\/index.php?rest_route=\/wp\/v2\/posts\/1888","targetHints":{"allow":["GET"]}}],"collection":[{"href":"https:\/\/der-kleine-landladen.de\/index.php?rest_route=\/wp\/v2\/posts"}],"about":[{"href":"https:\/\/der-kleine-landladen.de\/index.php?rest_route=\/wp\/v2\/types\/post"}],"author":[{"embeddable":true,"href":"https:\/\/der-kleine-landladen.de\/index.php?rest_route=\/wp\/v2\/users\/1"}],"replies":[{"embeddable":true,"href":"https:\/\/der-kleine-landladen.de\/index.php?rest_route=%2Fwp%2Fv2%2Fcomments&post=1888"}],"version-history":[{"count":1,"href":"https:\/\/der-kleine-landladen.de\/index.php?rest_route=\/wp\/v2\/posts\/1888\/revisions"}],"predecessor-version":[{"id":1890,"href":"https:\/\/der-kleine-landladen.de\/index.php?rest_route=\/wp\/v2\/posts\/1888\/revisions\/1890"}],"wp:attachment":[{"href":"https:\/\/der-kleine-landladen.de\/index.php?rest_route=%2Fwp%2Fv2%2Fmedia&parent=1888"}],"wp:term":[{"taxonomy":"category","embeddable":true,"href":"https:\/\/der-kleine-landladen.de\/index.php?rest_route=%2Fwp%2Fv2%2Fcategories&post=1888"},{"taxonomy":"post_tag","embeddable":true,"href":"https:\/\/der-kleine-landladen.de\/index.php?rest_route=%2Fwp%2Fv2%2Ftags&post=1888"}],"curies":[{"name":"wp","href":"https:\/\/api.w.org\/{rel}","templated":true}]}}