{"id":1990,"date":"2022-10-03T17:13:55","date_gmt":"2022-10-03T15:13:55","guid":{"rendered":"https:\/\/der-kleine-landladen.de\/?p=1990"},"modified":"2022-10-03T17:13:55","modified_gmt":"2022-10-03T15:13:55","slug":"zwiebelmarkt-in-weimar","status":"publish","type":"post","link":"https:\/\/der-kleine-landladen.de\/?p=1990","title":{"rendered":"Zwiebelmarkt in Weimar"},"content":{"rendered":"<p><img data-recalc-dims=\"1\" fetchpriority=\"high\" decoding=\"async\" class=\"size-medium wp-image-1989 alignleft\" src=\"https:\/\/i0.wp.com\/der-kleine-landladen.de\/wp-content\/uploads\/2022\/10\/20221003_1704042686321931581133745.jpg?resize=352%2C500&#038;ssl=1\" alt=\"\" width=\"352\" height=\"500\" srcset=\"https:\/\/i0.wp.com\/der-kleine-landladen.de\/wp-content\/uploads\/2022\/10\/20221003_1704042686321931581133745-scaled.jpg?resize=352%2C500&amp;ssl=1 352w, https:\/\/i0.wp.com\/der-kleine-landladen.de\/wp-content\/uploads\/2022\/10\/20221003_1704042686321931581133745-scaled.jpg?resize=721%2C1024&amp;ssl=1 721w, https:\/\/i0.wp.com\/der-kleine-landladen.de\/wp-content\/uploads\/2022\/10\/20221003_1704042686321931581133745-scaled.jpg?resize=768%2C1091&amp;ssl=1 768w, https:\/\/i0.wp.com\/der-kleine-landladen.de\/wp-content\/uploads\/2022\/10\/20221003_1704042686321931581133745-scaled.jpg?resize=1081%2C1536&amp;ssl=1 1081w, https:\/\/i0.wp.com\/der-kleine-landladen.de\/wp-content\/uploads\/2022\/10\/20221003_1704042686321931581133745-scaled.jpg?resize=1441%2C2048&amp;ssl=1 1441w, https:\/\/i0.wp.com\/der-kleine-landladen.de\/wp-content\/uploads\/2022\/10\/20221003_1704042686321931581133745-scaled.jpg?resize=1140%2C1620&amp;ssl=1 1140w, https:\/\/i0.wp.com\/der-kleine-landladen.de\/wp-content\/uploads\/2022\/10\/20221003_1704042686321931581133745-scaled.jpg?w=1801&amp;ssl=1 1801w, https:\/\/i0.wp.com\/der-kleine-landladen.de\/wp-content\/uploads\/2022\/10\/20221003_1704042686321931581133745-scaled.jpg?w=1575&amp;ssl=1 1575w\" sizes=\"(max-width: 352px) 100vw, 352px\" \/><\/p>\n<p>&nbsp;<\/p>\n<p>&nbsp;<\/p>\n<p>Am 07.Oktober um 12 Uhr startet der 369. Zwiebelmarkt in Weimar. Wir sind zu folgenden Tagen f\u00fcr euch da:<\/p>\n<p>Freitag 07. Oktober von 12 bis 18 Uhr<br \/>\nSonnabend 08. Oktober von 06 bis 18 Uhr<br \/>\nSonntag 09. Oktober von 08 bis 18 Uhr<\/p>\n<p>Ihr findet uns zwischen dem Markt und der Marktstra\u00dfe.<\/p>\n<p>Nat\u00fcrlich ist f\u00fcr Unterhaltung auf den 4 B\u00fchnen in der Innenstadt von Weimar gesorgt.<\/p>\n<p>&nbsp;<\/p>\n<p>&nbsp;<\/p>\n<p>&nbsp;<\/p>\n<p>&nbsp;<\/p>\n<p>&nbsp;<\/p>\n<p>&nbsp;<\/p>\n<p>&nbsp;<\/p>\n","protected":false},"excerpt":{"rendered":"<p>&nbsp; &nbsp; Am 07.Oktober um 12 Uhr startet der 369. Zwiebelmarkt in Weimar. Wir sind zu folgenden Tagen f\u00fcr euch da: Freitag 07. Oktober von 12 bis 18 Uhr Sonnabend 08. Oktober von 06 bis 18 Uhr Sonntag 09. Oktober von 08 bis 18 Uhr Ihr findet uns zwischen dem Markt und der Marktstra\u00dfe. Nat\u00fcrlich ist f\u00fcr Unterhaltung auf den 4 B\u00fchnen in der Innenstadt von Weimar gesorgt. &nbsp; &nbsp; &nbsp; &nbsp; &nbsp; &nbsp; &nbsp;<\/p>\n","protected":false},"author":1,"featured_media":0,"comment_status":"open","ping_status":"open","sticky":false,"template":"","format":"standard","meta":{"_jetpack_newsletter_access":"","_jetpack_dont_email_post_to_subs":false,"_jetpack_newsletter_tier_id":0,"_jetpack_memberships_contains_paywalled_content":false,"_jetpack_feature_clip_id":0,"_jetpack_memberships_contains_paid_content":false,"footnotes":"","jetpack_publicize_message":"","jetpack_publicize_feature_enabled":true,"jetpack_social_post_already_shared":false,"jetpack_social_options":{"image_generator_settings":{"template":"highway","default_image_id":0,"font":"","enabled":false},"version":2},"jetpack_post_was_ever_published":false},"categories":[74,86,88,89,90,1],"tags":[],"class_list":["post-1990","post","type-post","status-publish","format-standard","hentry","category-gartenmarkt","category-maerkte","category-naturdekoration","category-neues","category-neues-und-altes","category-liebevolle-deko-geschenkideen-willkommen-im-kleinen-landladen-in-klein-doebbern"],"jetpack_publicize_connections":[],"jetpack_featured_media_url":"","jetpack-related-posts":[],"jetpack_sharing_enabled":true,"_links":{"self":[{"href":"https:\/\/der-kleine-landladen.de\/index.php?rest_route=\/wp\/v2\/posts\/1990","targetHints":{"allow":["GET"]}}],"collection":[{"href":"https:\/\/der-kleine-landladen.de\/index.php?rest_route=\/wp\/v2\/posts"}],"about":[{"href":"https:\/\/der-kleine-landladen.de\/index.php?rest_route=\/wp\/v2\/types\/post"}],"author":[{"embeddable":true,"href":"https:\/\/der-kleine-landladen.de\/index.php?rest_route=\/wp\/v2\/users\/1"}],"replies":[{"embeddable":true,"href":"https:\/\/der-kleine-landladen.de\/index.php?rest_route=%2Fwp%2Fv2%2Fcomments&post=1990"}],"version-history":[{"count":1,"href":"https:\/\/der-kleine-landladen.de\/index.php?rest_route=\/wp\/v2\/posts\/1990\/revisions"}],"predecessor-version":[{"id":1991,"href":"https:\/\/der-kleine-landladen.de\/index.php?rest_route=\/wp\/v2\/posts\/1990\/revisions\/1991"}],"wp:attachment":[{"href":"https:\/\/der-kleine-landladen.de\/index.php?rest_route=%2Fwp%2Fv2%2Fmedia&parent=1990"}],"wp:term":[{"taxonomy":"category","embeddable":true,"href":"https:\/\/der-kleine-landladen.de\/index.php?rest_route=%2Fwp%2Fv2%2Fcategories&post=1990"},{"taxonomy":"post_tag","embeddable":true,"href":"https:\/\/der-kleine-landladen.de\/index.php?rest_route=%2Fwp%2Fv2%2Ftags&post=1990"}],"curies":[{"name":"wp","href":"https:\/\/api.w.org\/{rel}","templated":true}]}}