{"id":2141,"date":"2023-04-14T15:06:10","date_gmt":"2023-04-14T13:06:10","guid":{"rendered":"https:\/\/der-kleine-landladen.de\/?p=2141"},"modified":"2023-04-14T15:06:10","modified_gmt":"2023-04-14T13:06:10","slug":"fruehlingsmarkt-auf-dem-erlichthof-am-07-mai","status":"publish","type":"post","link":"https:\/\/der-kleine-landladen.de\/?p=2141","title":{"rendered":"Fr\u00fchlingsmarkt auf dem Erlichthof am 07.Mai"},"content":{"rendered":"<p>Der Fr\u00fchling will nun mit aller Macht kommen, auch wenn es sich nicht so ganz anf\u00fchlt mit Regen und nasskaltem Wetter. Jedoch werden wir dem ganzen trotzen und den Fr\u00fchling am 07. Mai auf dem Erlichthof in Rietschen feiern. Wir laden euch alle zum Fr\u00fchlingsfest in Rietschen ein.<\/p>\n<p>Wir freuen uns auf euch.<\/p>\n<p><img data-recalc-dims=\"1\" loading=\"lazy\" decoding=\"async\" class=\"alignnone size-medium wp-image-2137\" src=\"https:\/\/i0.wp.com\/der-kleine-landladen.de\/wp-content\/uploads\/2023\/04\/Plakat_EH_fruehlingsfest_2023_web.jpg?resize=357%2C500&#038;ssl=1\" alt=\"\" width=\"357\" height=\"500\" srcset=\"https:\/\/i0.wp.com\/der-kleine-landladen.de\/wp-content\/uploads\/2023\/04\/Plakat_EH_fruehlingsfest_2023_web.jpg?resize=357%2C500&amp;ssl=1 357w, https:\/\/i0.wp.com\/der-kleine-landladen.de\/wp-content\/uploads\/2023\/04\/Plakat_EH_fruehlingsfest_2023_web.jpg?resize=731%2C1024&amp;ssl=1 731w, https:\/\/i0.wp.com\/der-kleine-landladen.de\/wp-content\/uploads\/2023\/04\/Plakat_EH_fruehlingsfest_2023_web.jpg?resize=768%2C1077&amp;ssl=1 768w, https:\/\/i0.wp.com\/der-kleine-landladen.de\/wp-content\/uploads\/2023\/04\/Plakat_EH_fruehlingsfest_2023_web.jpg?resize=1096%2C1536&amp;ssl=1 1096w, https:\/\/i0.wp.com\/der-kleine-landladen.de\/wp-content\/uploads\/2023\/04\/Plakat_EH_fruehlingsfest_2023_web.jpg?resize=1461%2C2048&amp;ssl=1 1461w, https:\/\/i0.wp.com\/der-kleine-landladen.de\/wp-content\/uploads\/2023\/04\/Plakat_EH_fruehlingsfest_2023_web.jpg?resize=1140%2C1598&amp;ssl=1 1140w, https:\/\/i0.wp.com\/der-kleine-landladen.de\/wp-content\/uploads\/2023\/04\/Plakat_EH_fruehlingsfest_2023_web.jpg?w=1700&amp;ssl=1 1700w, https:\/\/i0.wp.com\/der-kleine-landladen.de\/wp-content\/uploads\/2023\/04\/Plakat_EH_fruehlingsfest_2023_web.jpg?w=1575&amp;ssl=1 1575w\" sizes=\"auto, (max-width: 357px) 100vw, 357px\" \/><\/p>\n","protected":false},"excerpt":{"rendered":"<p>Der Fr\u00fchling will nun mit aller Macht kommen, auch wenn es sich nicht so ganz anf\u00fchlt mit Regen und nasskaltem Wetter. Jedoch werden wir dem ganzen trotzen und den Fr\u00fchling &hellip; <\/p>\n<p class=\"link-more\"><a href=\"https:\/\/der-kleine-landladen.de\/?p=2141\" class=\"more-link\"><span class=\"screen-reader-text\">\u201eFr\u00fchlingsmarkt auf dem Erlichthof am 07.Mai\u201c <\/span>weiterlesen<\/a><\/p>\n","protected":false},"author":1,"featured_media":0,"comment_status":"open","ping_status":"open","sticky":false,"template":"","format":"standard","meta":{"_jetpack_memberships_contains_paid_content":false,"footnotes":"","jetpack_publicize_message":"","jetpack_publicize_feature_enabled":true,"jetpack_social_post_already_shared":false,"jetpack_social_options":{"image_generator_settings":{"template":"highway","default_image_id":0,"font":"","enabled":false},"version":2}},"categories":[89,91,1],"tags":[],"class_list":["post-2141","post","type-post","status-publish","format-standard","hentry","category-neues","category-news","category-liebevolle-deko-geschenkideen-willkommen-im-kleinen-landladen-in-klein-doebbern"],"jetpack_publicize_connections":[],"jetpack_featured_media_url":"","jetpack-related-posts":[],"jetpack_sharing_enabled":true,"_links":{"self":[{"href":"https:\/\/der-kleine-landladen.de\/index.php?rest_route=\/wp\/v2\/posts\/2141","targetHints":{"allow":["GET"]}}],"collection":[{"href":"https:\/\/der-kleine-landladen.de\/index.php?rest_route=\/wp\/v2\/posts"}],"about":[{"href":"https:\/\/der-kleine-landladen.de\/index.php?rest_route=\/wp\/v2\/types\/post"}],"author":[{"embeddable":true,"href":"https:\/\/der-kleine-landladen.de\/index.php?rest_route=\/wp\/v2\/users\/1"}],"replies":[{"embeddable":true,"href":"https:\/\/der-kleine-landladen.de\/index.php?rest_route=%2Fwp%2Fv2%2Fcomments&post=2141"}],"version-history":[{"count":1,"href":"https:\/\/der-kleine-landladen.de\/index.php?rest_route=\/wp\/v2\/posts\/2141\/revisions"}],"predecessor-version":[{"id":2142,"href":"https:\/\/der-kleine-landladen.de\/index.php?rest_route=\/wp\/v2\/posts\/2141\/revisions\/2142"}],"wp:attachment":[{"href":"https:\/\/der-kleine-landladen.de\/index.php?rest_route=%2Fwp%2Fv2%2Fmedia&parent=2141"}],"wp:term":[{"taxonomy":"category","embeddable":true,"href":"https:\/\/der-kleine-landladen.de\/index.php?rest_route=%2Fwp%2Fv2%2Fcategories&post=2141"},{"taxonomy":"post_tag","embeddable":true,"href":"https:\/\/der-kleine-landladen.de\/index.php?rest_route=%2Fwp%2Fv2%2Ftags&post=2141"}],"curies":[{"name":"wp","href":"https:\/\/api.w.org\/{rel}","templated":true}]}}