{"id":2328,"date":"2023-11-26T20:50:42","date_gmt":"2023-11-26T19:50:42","guid":{"rendered":"https:\/\/der-kleine-landladen.de\/?p=2328"},"modified":"2023-11-26T20:58:58","modified_gmt":"2023-11-26T19:58:58","slug":"wichtelfest-in-rietschen","status":"publish","type":"post","link":"https:\/\/der-kleine-landladen.de\/?p=2328","title":{"rendered":"Wichtelfest in Rietschen"},"content":{"rendered":"<header>\n<h1>Wichtelfest in der Erlichthofsiedlung Rietschen<\/h1>\n<\/header>\n<p><img data-recalc-dims=\"1\" loading=\"lazy\" decoding=\"async\" class=\" wp-image-2307 aligncenter\" src=\"https:\/\/i0.wp.com\/der-kleine-landladen.de\/wp-content\/uploads\/2023\/10\/Plakat_EH_wichtelfest_2023.jpg?resize=414%2C580&#038;ssl=1\" alt=\"\" width=\"414\" height=\"580\" srcset=\"https:\/\/i0.wp.com\/der-kleine-landladen.de\/wp-content\/uploads\/2023\/10\/Plakat_EH_wichtelfest_2023.jpg?resize=357%2C500&amp;ssl=1 357w, https:\/\/i0.wp.com\/der-kleine-landladen.de\/wp-content\/uploads\/2023\/10\/Plakat_EH_wichtelfest_2023.jpg?resize=730%2C1024&amp;ssl=1 730w, https:\/\/i0.wp.com\/der-kleine-landladen.de\/wp-content\/uploads\/2023\/10\/Plakat_EH_wichtelfest_2023.jpg?resize=768%2C1077&amp;ssl=1 768w, https:\/\/i0.wp.com\/der-kleine-landladen.de\/wp-content\/uploads\/2023\/10\/Plakat_EH_wichtelfest_2023.jpg?resize=1096%2C1536&amp;ssl=1 1096w, https:\/\/i0.wp.com\/der-kleine-landladen.de\/wp-content\/uploads\/2023\/10\/Plakat_EH_wichtelfest_2023.jpg?resize=1140%2C1598&amp;ssl=1 1140w, https:\/\/i0.wp.com\/der-kleine-landladen.de\/wp-content\/uploads\/2023\/10\/Plakat_EH_wichtelfest_2023.jpg?w=1224&amp;ssl=1 1224w\" sizes=\"auto, (max-width: 414px) 100vw, 414px\" \/><\/p>\n<p>&nbsp;<\/p>\n<p>In der Adventszeit verwandelt sich die gesamte Erlichthofsiedlung Rietschen in ein gro\u00dfes Weihnachts- und M\u00e4rchenland.<br \/>\nZum Wichtelfest am ersten Advent, dem 03. Dezember 2023, von 10:00 bis 17:00 Uhr wird mit der Erlichthofglocke die Weihnachtszeit eingel\u00e4utet und das Weihnachts- und M\u00e4rchenland er\u00f6ffnet.<\/p>\n<p>Der Weihnachtsmann mit seinen Wichteln wird pers\u00f6nlich in der Erlichthofsiedlung unterwegs sein und f\u00fcr jedes Kind eine kleine \u00dcberraschung in seinem Sack bereit halten. Derweil k\u00f6nnen Eltern und Gro\u00dfeltern auf dem Weihnachtsmarkt oder in den Werkst\u00e4tten der Siedlung nach dem einen oder anderen Weihnachtsgeschenk Ausschau halten. Aufw\u00e4rmen und st\u00e4rken kann man sich dann bei duftendem Gl\u00fchwein oder Kaffee und Kuchen.<\/p>\n","protected":false},"excerpt":{"rendered":"<p>Wichtelfest in der Erlichthofsiedlung Rietschen &nbsp; In der Adventszeit verwandelt sich die gesamte Erlichthofsiedlung Rietschen in ein gro\u00dfes Weihnachts- und M\u00e4rchenland. Zum Wichtelfest am ersten Advent, dem 03. Dezember 2023, &hellip; <\/p>\n<p class=\"link-more\"><a href=\"https:\/\/der-kleine-landladen.de\/?p=2328\" class=\"more-link\"><span class=\"screen-reader-text\">\u201eWichtelfest in Rietschen\u201c <\/span>weiterlesen<\/a><\/p>\n","protected":false},"author":1,"featured_media":0,"comment_status":"open","ping_status":"open","sticky":false,"template":"","format":"standard","meta":{"_jetpack_memberships_contains_paid_content":false,"footnotes":"","jetpack_publicize_message":"","jetpack_publicize_feature_enabled":true,"jetpack_social_post_already_shared":false,"jetpack_social_options":{"image_generator_settings":{"template":"highway","default_image_id":0,"font":"","enabled":false},"version":2}},"categories":[88,89,91,1,97],"tags":[],"class_list":["post-2328","post","type-post","status-publish","format-standard","hentry","category-naturdekoration","category-neues","category-news","category-liebevolle-deko-geschenkideen-willkommen-im-kleinen-landladen-in-klein-doebbern","category-weihnachtsmarkt"],"jetpack_publicize_connections":[],"jetpack_featured_media_url":"","jetpack-related-posts":[],"jetpack_sharing_enabled":true,"_links":{"self":[{"href":"https:\/\/der-kleine-landladen.de\/index.php?rest_route=\/wp\/v2\/posts\/2328","targetHints":{"allow":["GET"]}}],"collection":[{"href":"https:\/\/der-kleine-landladen.de\/index.php?rest_route=\/wp\/v2\/posts"}],"about":[{"href":"https:\/\/der-kleine-landladen.de\/index.php?rest_route=\/wp\/v2\/types\/post"}],"author":[{"embeddable":true,"href":"https:\/\/der-kleine-landladen.de\/index.php?rest_route=\/wp\/v2\/users\/1"}],"replies":[{"embeddable":true,"href":"https:\/\/der-kleine-landladen.de\/index.php?rest_route=%2Fwp%2Fv2%2Fcomments&post=2328"}],"version-history":[{"count":3,"href":"https:\/\/der-kleine-landladen.de\/index.php?rest_route=\/wp\/v2\/posts\/2328\/revisions"}],"predecessor-version":[{"id":2332,"href":"https:\/\/der-kleine-landladen.de\/index.php?rest_route=\/wp\/v2\/posts\/2328\/revisions\/2332"}],"wp:attachment":[{"href":"https:\/\/der-kleine-landladen.de\/index.php?rest_route=%2Fwp%2Fv2%2Fmedia&parent=2328"}],"wp:term":[{"taxonomy":"category","embeddable":true,"href":"https:\/\/der-kleine-landladen.de\/index.php?rest_route=%2Fwp%2Fv2%2Fcategories&post=2328"},{"taxonomy":"post_tag","embeddable":true,"href":"https:\/\/der-kleine-landladen.de\/index.php?rest_route=%2Fwp%2Fv2%2Ftags&post=2328"}],"curies":[{"name":"wp","href":"https:\/\/api.w.org\/{rel}","templated":true}]}}