{"id":2580,"date":"2024-11-25T20:18:27","date_gmt":"2024-11-25T19:18:27","guid":{"rendered":"https:\/\/der-kleine-landladen.de\/?p=2580"},"modified":"2024-11-25T20:18:27","modified_gmt":"2024-11-25T19:18:27","slug":"wichtelmarkt-in-rietschen-auf-dem-erlichthof","status":"publish","type":"post","link":"https:\/\/der-kleine-landladen.de\/?p=2580","title":{"rendered":"Wichtelmarkt in Rietschen auf dem Erlichthof"},"content":{"rendered":"<p>&nbsp;<\/p>\n<p>Die Weihnachtsm\u00e4rkten \u00f6ffnen zum 1 Advent in diesem Jahr. Wir freuen uns ebenso wie ihr auf diese herrlichen M\u00e4rkte zu der sch\u00f6nsten Zeit im Jahr.<\/p>\n<p>So auch der Wichtelmarkt am Sonntag den 1. Dezember auf dem Erlichthof. Wir freuen uns auf euern Besuch und sind ab 10 Uhr f\u00fcr euch da.<\/p>\n<p><img data-recalc-dims=\"1\" fetchpriority=\"high\" decoding=\"async\" class=\"alignnone size-medium wp-image-2570\" src=\"https:\/\/i0.wp.com\/der-kleine-landladen.de\/wp-content\/uploads\/2024\/11\/Plakat_EH_wichtelfest_2024_3mm.jpg?resize=357%2C500&#038;ssl=1\" alt=\"\" width=\"357\" height=\"500\" srcset=\"https:\/\/i0.wp.com\/der-kleine-landladen.de\/wp-content\/uploads\/2024\/11\/Plakat_EH_wichtelfest_2024_3mm.jpg?resize=357%2C500&amp;ssl=1 357w, https:\/\/i0.wp.com\/der-kleine-landladen.de\/wp-content\/uploads\/2024\/11\/Plakat_EH_wichtelfest_2024_3mm.jpg?resize=731%2C1024&amp;ssl=1 731w, https:\/\/i0.wp.com\/der-kleine-landladen.de\/wp-content\/uploads\/2024\/11\/Plakat_EH_wichtelfest_2024_3mm.jpg?resize=768%2C1077&amp;ssl=1 768w, https:\/\/i0.wp.com\/der-kleine-landladen.de\/wp-content\/uploads\/2024\/11\/Plakat_EH_wichtelfest_2024_3mm.jpg?resize=1096%2C1536&amp;ssl=1 1096w, https:\/\/i0.wp.com\/der-kleine-landladen.de\/wp-content\/uploads\/2024\/11\/Plakat_EH_wichtelfest_2024_3mm.jpg?resize=1461%2C2048&amp;ssl=1 1461w, https:\/\/i0.wp.com\/der-kleine-landladen.de\/wp-content\/uploads\/2024\/11\/Plakat_EH_wichtelfest_2024_3mm.jpg?w=1700&amp;ssl=1 1700w, https:\/\/i0.wp.com\/der-kleine-landladen.de\/wp-content\/uploads\/2024\/11\/Plakat_EH_wichtelfest_2024_3mm.jpg?w=1575&amp;ssl=1 1575w\" sizes=\"(max-width: 357px) 100vw, 357px\" \/><\/p>\n","protected":false},"excerpt":{"rendered":"<p>&nbsp; Die Weihnachtsm\u00e4rkten \u00f6ffnen zum 1 Advent in diesem Jahr. Wir freuen uns ebenso wie ihr auf diese herrlichen M\u00e4rkte zu der sch\u00f6nsten Zeit im Jahr. So auch der Wichtelmarkt am Sonntag den 1. Dezember auf dem Erlichthof. Wir freuen uns auf euern Besuch und sind ab 10 Uhr f\u00fcr euch da.<\/p>\n","protected":false},"author":1,"featured_media":0,"comment_status":"open","ping_status":"open","sticky":false,"template":"","format":"standard","meta":{"_jetpack_newsletter_access":"","_jetpack_dont_email_post_to_subs":false,"_jetpack_newsletter_tier_id":0,"_jetpack_memberships_contains_paywalled_content":false,"_jetpack_feature_clip_id":0,"_jetpack_memberships_contains_paid_content":false,"footnotes":"","jetpack_publicize_message":"","jetpack_publicize_feature_enabled":true,"jetpack_social_post_already_shared":true,"jetpack_social_options":{"image_generator_settings":{"template":"highway","default_image_id":0,"font":"","enabled":false},"version":2},"jetpack_post_was_ever_published":false},"categories":[71,72,78,89,91,1,95,97],"tags":[],"class_list":["post-2580","post","type-post","status-publish","format-standard","hentry","category-brocante","category-datenschutz","category-impressionen-vom-markt","category-neues","category-news","category-liebevolle-deko-geschenkideen-willkommen-im-kleinen-landladen-in-klein-doebbern","category-unsere-produkte","category-weihnachtsmarkt"],"jetpack_publicize_connections":[],"jetpack_featured_media_url":"","jetpack-related-posts":[],"jetpack_sharing_enabled":true,"_links":{"self":[{"href":"https:\/\/der-kleine-landladen.de\/index.php?rest_route=\/wp\/v2\/posts\/2580","targetHints":{"allow":["GET"]}}],"collection":[{"href":"https:\/\/der-kleine-landladen.de\/index.php?rest_route=\/wp\/v2\/posts"}],"about":[{"href":"https:\/\/der-kleine-landladen.de\/index.php?rest_route=\/wp\/v2\/types\/post"}],"author":[{"embeddable":true,"href":"https:\/\/der-kleine-landladen.de\/index.php?rest_route=\/wp\/v2\/users\/1"}],"replies":[{"embeddable":true,"href":"https:\/\/der-kleine-landladen.de\/index.php?rest_route=%2Fwp%2Fv2%2Fcomments&post=2580"}],"version-history":[{"count":1,"href":"https:\/\/der-kleine-landladen.de\/index.php?rest_route=\/wp\/v2\/posts\/2580\/revisions"}],"predecessor-version":[{"id":2581,"href":"https:\/\/der-kleine-landladen.de\/index.php?rest_route=\/wp\/v2\/posts\/2580\/revisions\/2581"}],"wp:attachment":[{"href":"https:\/\/der-kleine-landladen.de\/index.php?rest_route=%2Fwp%2Fv2%2Fmedia&parent=2580"}],"wp:term":[{"taxonomy":"category","embeddable":true,"href":"https:\/\/der-kleine-landladen.de\/index.php?rest_route=%2Fwp%2Fv2%2Fcategories&post=2580"},{"taxonomy":"post_tag","embeddable":true,"href":"https:\/\/der-kleine-landladen.de\/index.php?rest_route=%2Fwp%2Fv2%2Ftags&post=2580"}],"curies":[{"name":"wp","href":"https:\/\/api.w.org\/{rel}","templated":true}]}}