{"id":2586,"date":"2024-11-25T20:47:00","date_gmt":"2024-11-25T19:47:00","guid":{"rendered":"https:\/\/der-kleine-landladen.de\/?p=2586"},"modified":"2024-11-27T21:38:07","modified_gmt":"2024-11-27T20:38:07","slug":"christkindelmarkt-in-goerlitz","status":"publish","type":"post","link":"https:\/\/der-kleine-landladen.de\/?p=2586","title":{"rendered":"Christkindelmarkt in G\u00f6rlitz"},"content":{"rendered":"<p>&nbsp;<\/p>\n<p>Wir w\u00fcrden uns \u00fcber einen Besuch von Euch auf dem Schlesischen Christkindelmarkt in G\u00f6rlitz in diesem Jahr freuen.<\/p>\n<p>Wir sind am 2. Advent und 3. Advent f\u00fcr euch da.<\/p>\n<p>Ihr findet uns auf dem Markt am 2. Advent ab Freitag den 6.12. bis Sonntag den 8.12.<br \/>\nAuch am 3. Advent ab Freitag den 13.12. bis 15.12.<\/p>\n<p>Wir haben euch noch einmal die \u00d6ffnungszeiten f\u00fcr die Drei Markttage aufgelistet.<\/p>\n<p><strong><em>\u00d6ffnungszeiten<\/em><\/strong><\/p>\n<p>Freitag\u00a0 14:00 \u2013 21:00 Uhr\u00a0\u00a0 Samstag\u00a0 11:00 \u2013 21:00 Uhr\u00a0\u00a0 Sonntag\u00a0 11:00 \u2013 20:00 Uhr.<\/p>\n<p><img data-recalc-dims=\"1\" fetchpriority=\"high\" decoding=\"async\" class=\"alignnone size-medium wp-image-2583\" src=\"https:\/\/i0.wp.com\/der-kleine-landladen.de\/wp-content\/uploads\/2024\/11\/screenshot_2024-11-25-20-27-07-720_com6216253514896147306.jpg?resize=500%2C350&#038;ssl=1\" alt=\"\" width=\"500\" height=\"350\" srcset=\"https:\/\/i0.wp.com\/der-kleine-landladen.de\/wp-content\/uploads\/2024\/11\/screenshot_2024-11-25-20-27-07-720_com6216253514896147306.jpg?resize=500%2C350&amp;ssl=1 500w, https:\/\/i0.wp.com\/der-kleine-landladen.de\/wp-content\/uploads\/2024\/11\/screenshot_2024-11-25-20-27-07-720_com6216253514896147306.jpg?resize=1024%2C716&amp;ssl=1 1024w, https:\/\/i0.wp.com\/der-kleine-landladen.de\/wp-content\/uploads\/2024\/11\/screenshot_2024-11-25-20-27-07-720_com6216253514896147306.jpg?resize=768%2C537&amp;ssl=1 768w, https:\/\/i0.wp.com\/der-kleine-landladen.de\/wp-content\/uploads\/2024\/11\/screenshot_2024-11-25-20-27-07-720_com6216253514896147306.jpg?w=1047&amp;ssl=1 1047w\" sizes=\"(max-width: 500px) 100vw, 500px\" \/><\/p>\n","protected":false},"excerpt":{"rendered":"<p>&nbsp; Wir w\u00fcrden uns \u00fcber einen Besuch von Euch auf dem Schlesischen Christkindelmarkt in G\u00f6rlitz in diesem Jahr freuen. Wir sind am 2. Advent und 3. Advent f\u00fcr euch da. Ihr findet uns auf dem Markt am 2. Advent ab Freitag den 6.12. bis Sonntag den 8.12. Auch am 3. Advent ab Freitag den 13.12. bis 15.12. Wir haben euch noch einmal die \u00d6ffnungszeiten f\u00fcr die Drei Markttage aufgelistet. \u00d6ffnungszeiten Freitag\u00a0 14:00 \u2013 21:00 Uhr\u00a0\u00a0 Samstag\u00a0 11:00 \u2013 21:00 Uhr\u00a0\u00a0 Sonntag\u00a0 11:00 \u2013 20:00 Uhr.<\/p>\n","protected":false},"author":1,"featured_media":0,"comment_status":"open","ping_status":"open","sticky":false,"template":"","format":"standard","meta":{"_jetpack_newsletter_access":"","_jetpack_dont_email_post_to_subs":false,"_jetpack_newsletter_tier_id":0,"_jetpack_memberships_contains_paywalled_content":false,"_jetpack_feature_clip_id":0,"_jetpack_memberships_contains_paid_content":false,"footnotes":"","jetpack_publicize_message":"","jetpack_publicize_feature_enabled":true,"jetpack_social_post_already_shared":true,"jetpack_social_options":{"image_generator_settings":{"template":"highway","default_image_id":0,"font":"","enabled":false},"version":2},"jetpack_post_was_ever_published":false},"categories":[71,72,78,89,91,1,95,97],"tags":[],"class_list":["post-2586","post","type-post","status-publish","format-standard","hentry","category-brocante","category-datenschutz","category-impressionen-vom-markt","category-neues","category-news","category-liebevolle-deko-geschenkideen-willkommen-im-kleinen-landladen-in-klein-doebbern","category-unsere-produkte","category-weihnachtsmarkt"],"jetpack_publicize_connections":[],"jetpack_featured_media_url":"","jetpack-related-posts":[],"jetpack_sharing_enabled":true,"_links":{"self":[{"href":"https:\/\/der-kleine-landladen.de\/index.php?rest_route=\/wp\/v2\/posts\/2586","targetHints":{"allow":["GET"]}}],"collection":[{"href":"https:\/\/der-kleine-landladen.de\/index.php?rest_route=\/wp\/v2\/posts"}],"about":[{"href":"https:\/\/der-kleine-landladen.de\/index.php?rest_route=\/wp\/v2\/types\/post"}],"author":[{"embeddable":true,"href":"https:\/\/der-kleine-landladen.de\/index.php?rest_route=\/wp\/v2\/users\/1"}],"replies":[{"embeddable":true,"href":"https:\/\/der-kleine-landladen.de\/index.php?rest_route=%2Fwp%2Fv2%2Fcomments&post=2586"}],"version-history":[{"count":2,"href":"https:\/\/der-kleine-landladen.de\/index.php?rest_route=\/wp\/v2\/posts\/2586\/revisions"}],"predecessor-version":[{"id":2588,"href":"https:\/\/der-kleine-landladen.de\/index.php?rest_route=\/wp\/v2\/posts\/2586\/revisions\/2588"}],"wp:attachment":[{"href":"https:\/\/der-kleine-landladen.de\/index.php?rest_route=%2Fwp%2Fv2%2Fmedia&parent=2586"}],"wp:term":[{"taxonomy":"category","embeddable":true,"href":"https:\/\/der-kleine-landladen.de\/index.php?rest_route=%2Fwp%2Fv2%2Fcategories&post=2586"},{"taxonomy":"post_tag","embeddable":true,"href":"https:\/\/der-kleine-landladen.de\/index.php?rest_route=%2Fwp%2Fv2%2Ftags&post=2586"}],"curies":[{"name":"wp","href":"https:\/\/api.w.org\/{rel}","templated":true}]}}