{"id":2656,"date":"2025-01-10T23:14:53","date_gmt":"2025-01-10T22:14:53","guid":{"rendered":"https:\/\/der-kleine-landladen.de\/?p=2656"},"modified":"2025-01-10T23:15:38","modified_gmt":"2025-01-10T22:15:38","slug":"neue-termine-fuer-unsere-maerkte-2025","status":"publish","type":"post","link":"https:\/\/der-kleine-landladen.de\/?p=2656","title":{"rendered":"Neue Termine f\u00fcr unsere M\u00e4rkte 2025"},"content":{"rendered":"<p>&nbsp;<\/p>\n<p>&nbsp;<\/p>\n<p>Unsere Vorplanung ist im vollen Gange. Die ersten Termine f\u00fcr unsere M\u00e4rkte sind bereits bekannt und haben durch uns bereits eine Datum erhalten.<\/p>\n<p>Sobald die n\u00e4chsten M\u00e4rkte durch die Veranstalter best\u00e4tigt werden, tragen wir diese als neue Termine ein.<\/p>\n<p>\u00dcber den <span style=\"color: #0000ff;\"><a style=\"color: #0000ff;\" href=\"https:\/\/der-kleine-landladen.de\/auf-den-maerkten-koennt-ihr-uns-finden\">Link<\/a> <\/span>kommt ihr direkt zur unserer Seite.<\/p>\n<p>&nbsp;<\/p>\n","protected":false},"excerpt":{"rendered":"<p>&nbsp; &nbsp; Unsere Vorplanung ist im vollen Gange. Die ersten Termine f\u00fcr unsere M\u00e4rkte sind bereits bekannt und haben durch uns bereits eine Datum erhalten. Sobald die n\u00e4chsten M\u00e4rkte durch die Veranstalter best\u00e4tigt werden, tragen wir diese als neue Termine ein. \u00dcber den Link kommt ihr direkt zur unserer Seite. &nbsp;<\/p>\n","protected":false},"author":1,"featured_media":0,"comment_status":"open","ping_status":"open","sticky":false,"template":"","format":"standard","meta":{"_jetpack_newsletter_access":"","_jetpack_dont_email_post_to_subs":false,"_jetpack_newsletter_tier_id":0,"_jetpack_memberships_contains_paywalled_content":false,"_jetpack_feature_clip_id":0,"_jetpack_memberships_contains_paid_content":false,"footnotes":"","jetpack_publicize_message":"","jetpack_publicize_feature_enabled":true,"jetpack_social_post_already_shared":true,"jetpack_social_options":{"image_generator_settings":{"template":"highway","default_image_id":0,"font":"","enabled":false},"version":2},"jetpack_post_was_ever_published":false},"categories":[89,91,1],"tags":[],"class_list":["post-2656","post","type-post","status-publish","format-standard","hentry","category-neues","category-news","category-liebevolle-deko-geschenkideen-willkommen-im-kleinen-landladen-in-klein-doebbern"],"jetpack_publicize_connections":[],"jetpack_featured_media_url":"","jetpack-related-posts":[],"jetpack_sharing_enabled":true,"_links":{"self":[{"href":"https:\/\/der-kleine-landladen.de\/index.php?rest_route=\/wp\/v2\/posts\/2656","targetHints":{"allow":["GET"]}}],"collection":[{"href":"https:\/\/der-kleine-landladen.de\/index.php?rest_route=\/wp\/v2\/posts"}],"about":[{"href":"https:\/\/der-kleine-landladen.de\/index.php?rest_route=\/wp\/v2\/types\/post"}],"author":[{"embeddable":true,"href":"https:\/\/der-kleine-landladen.de\/index.php?rest_route=\/wp\/v2\/users\/1"}],"replies":[{"embeddable":true,"href":"https:\/\/der-kleine-landladen.de\/index.php?rest_route=%2Fwp%2Fv2%2Fcomments&post=2656"}],"version-history":[{"count":2,"href":"https:\/\/der-kleine-landladen.de\/index.php?rest_route=\/wp\/v2\/posts\/2656\/revisions"}],"predecessor-version":[{"id":2658,"href":"https:\/\/der-kleine-landladen.de\/index.php?rest_route=\/wp\/v2\/posts\/2656\/revisions\/2658"}],"wp:attachment":[{"href":"https:\/\/der-kleine-landladen.de\/index.php?rest_route=%2Fwp%2Fv2%2Fmedia&parent=2656"}],"wp:term":[{"taxonomy":"category","embeddable":true,"href":"https:\/\/der-kleine-landladen.de\/index.php?rest_route=%2Fwp%2Fv2%2Fcategories&post=2656"},{"taxonomy":"post_tag","embeddable":true,"href":"https:\/\/der-kleine-landladen.de\/index.php?rest_route=%2Fwp%2Fv2%2Ftags&post=2656"}],"curies":[{"name":"wp","href":"https:\/\/api.w.org\/{rel}","templated":true}]}}