{"id":2660,"date":"2025-01-14T14:55:03","date_gmt":"2025-01-14T13:55:03","guid":{"rendered":"https:\/\/der-kleine-landladen.de\/?p=2660"},"modified":"2025-01-14T15:08:24","modified_gmt":"2025-01-14T14:08:24","slug":"tag-des-offenen-garten-in-der-lausitz","status":"publish","type":"post","link":"https:\/\/der-kleine-landladen.de\/?p=2660","title":{"rendered":"Tag des offenen Garten der Lausitz"},"content":{"rendered":"<p>&nbsp;<\/p>\n<p>Es ist noch eine Weile bis zum 14.06.2025, Tag des offenen Gartens.<\/p>\n<p>Wir wollen euch bereits heute recht Herzlich hierzu einladen. \u00dcber den folgenden Link findet ihr alle wichtigen Information. \u00dcber einen Besuch von Euch, w\u00fcrden wir uns freuen.<\/p>\n<p>&nbsp;<\/p>\n<p><img data-recalc-dims=\"1\" fetchpriority=\"high\" decoding=\"async\" class=\"alignnone size-medium wp-image-2664\" src=\"https:\/\/i0.wp.com\/der-kleine-landladen.de\/wp-content\/uploads\/2025\/01\/Tag-des-offenen-Garten_2025.png?resize=374%2C500&#038;ssl=1\" alt=\"\" width=\"374\" height=\"500\" srcset=\"https:\/\/i0.wp.com\/der-kleine-landladen.de\/wp-content\/uploads\/2025\/01\/Tag-des-offenen-Garten_2025.png?resize=374%2C500&amp;ssl=1 374w, https:\/\/i0.wp.com\/der-kleine-landladen.de\/wp-content\/uploads\/2025\/01\/Tag-des-offenen-Garten_2025.png?w=420&amp;ssl=1 420w\" sizes=\"(max-width: 374px) 100vw, 374px\" \/><\/p>\n<p><a href=\"https:\/\/www.lausitzgarten.de\/37-leben-auf-dem-hof\" target=\"_blank\" rel=\"noopener\">https:\/\/www.lausitzgarten.de\/37-leben-auf-dem-hof<\/a><\/p>\n","protected":false},"excerpt":{"rendered":"<p>&nbsp; Es ist noch eine Weile bis zum 14.06.2025, Tag des offenen Gartens. Wir wollen euch bereits heute recht Herzlich hierzu einladen. \u00dcber den folgenden Link findet ihr alle wichtigen Information. \u00dcber einen Besuch von Euch, w\u00fcrden wir uns freuen. &nbsp; https:\/\/www.lausitzgarten.de\/37-leben-auf-dem-hof<\/p>\n","protected":false},"author":1,"featured_media":0,"comment_status":"open","ping_status":"open","sticky":false,"template":"","format":"standard","meta":{"_jetpack_newsletter_access":"","_jetpack_dont_email_post_to_subs":false,"_jetpack_newsletter_tier_id":0,"_jetpack_memberships_contains_paywalled_content":false,"_jetpack_feature_clip_id":0,"_jetpack_memberships_contains_paid_content":false,"footnotes":"","jetpack_publicize_message":"","jetpack_publicize_feature_enabled":true,"jetpack_social_post_already_shared":true,"jetpack_social_options":{"image_generator_settings":{"template":"highway","default_image_id":0,"font":"","enabled":false},"version":2},"jetpack_post_was_ever_published":false},"categories":[74,77,88,89,91,1],"tags":[],"class_list":["post-2660","post","type-post","status-publish","format-standard","hentry","category-gartenmarkt","category-hoffest","category-naturdekoration","category-neues","category-news","category-liebevolle-deko-geschenkideen-willkommen-im-kleinen-landladen-in-klein-doebbern"],"jetpack_publicize_connections":[],"jetpack_featured_media_url":"","jetpack-related-posts":[],"jetpack_sharing_enabled":true,"_links":{"self":[{"href":"https:\/\/der-kleine-landladen.de\/index.php?rest_route=\/wp\/v2\/posts\/2660","targetHints":{"allow":["GET"]}}],"collection":[{"href":"https:\/\/der-kleine-landladen.de\/index.php?rest_route=\/wp\/v2\/posts"}],"about":[{"href":"https:\/\/der-kleine-landladen.de\/index.php?rest_route=\/wp\/v2\/types\/post"}],"author":[{"embeddable":true,"href":"https:\/\/der-kleine-landladen.de\/index.php?rest_route=\/wp\/v2\/users\/1"}],"replies":[{"embeddable":true,"href":"https:\/\/der-kleine-landladen.de\/index.php?rest_route=%2Fwp%2Fv2%2Fcomments&post=2660"}],"version-history":[{"count":5,"href":"https:\/\/der-kleine-landladen.de\/index.php?rest_route=\/wp\/v2\/posts\/2660\/revisions"}],"predecessor-version":[{"id":2666,"href":"https:\/\/der-kleine-landladen.de\/index.php?rest_route=\/wp\/v2\/posts\/2660\/revisions\/2666"}],"wp:attachment":[{"href":"https:\/\/der-kleine-landladen.de\/index.php?rest_route=%2Fwp%2Fv2%2Fmedia&parent=2660"}],"wp:term":[{"taxonomy":"category","embeddable":true,"href":"https:\/\/der-kleine-landladen.de\/index.php?rest_route=%2Fwp%2Fv2%2Fcategories&post=2660"},{"taxonomy":"post_tag","embeddable":true,"href":"https:\/\/der-kleine-landladen.de\/index.php?rest_route=%2Fwp%2Fv2%2Ftags&post=2660"}],"curies":[{"name":"wp","href":"https:\/\/api.w.org\/{rel}","templated":true}]}}