{"id":2682,"date":"2025-02-23T18:32:13","date_gmt":"2025-02-23T17:32:13","guid":{"rendered":"https:\/\/der-kleine-landladen.de\/?p=2682"},"modified":"2025-02-23T18:32:13","modified_gmt":"2025-02-23T17:32:13","slug":"fruehling-auf-dem-lande-4","status":"publish","type":"post","link":"https:\/\/der-kleine-landladen.de\/?p=2682","title":{"rendered":"Fr\u00fchling auf dem Lande"},"content":{"rendered":"<p>&nbsp;<\/p>\n<p>Nun sind die ersten Flyer bei uns eingetroffen. Wir wollen euch auf unser Event aufmerksam machen.<\/p>\n<p>Wir haben unseren Hof f\u00fcr Euch am 22. und 23. M\u00e4rz jeweils von 13 bis 17 Uhr ge\u00f6ffnet.<\/p>\n<p>\u00dcber einen Besuch von Euch w\u00fcrden wir uns freuen.<\/p>\n<p>&nbsp;<\/p>\n<p><img data-recalc-dims=\"1\" fetchpriority=\"high\" decoding=\"async\" class=\"alignnone size-medium wp-image-2680\" src=\"https:\/\/i0.wp.com\/der-kleine-landladen.de\/wp-content\/uploads\/2025\/02\/Fruehling-auf-dem-Land1.png?resize=350%2C500&#038;ssl=1\" alt=\"\" width=\"350\" height=\"500\" srcset=\"https:\/\/i0.wp.com\/der-kleine-landladen.de\/wp-content\/uploads\/2025\/02\/Fruehling-auf-dem-Land1.png?resize=350%2C500&amp;ssl=1 350w, https:\/\/i0.wp.com\/der-kleine-landladen.de\/wp-content\/uploads\/2025\/02\/Fruehling-auf-dem-Land1.png?w=382&amp;ssl=1 382w\" sizes=\"(max-width: 350px) 100vw, 350px\" \/><\/p>\n<p><img data-recalc-dims=\"1\" decoding=\"async\" class=\"alignnone size-medium wp-image-2681\" src=\"https:\/\/i0.wp.com\/der-kleine-landladen.de\/wp-content\/uploads\/2025\/02\/Fruehling-auf-dem-Land2.png?resize=347%2C500&#038;ssl=1\" alt=\"\" width=\"347\" height=\"500\" srcset=\"https:\/\/i0.wp.com\/der-kleine-landladen.de\/wp-content\/uploads\/2025\/02\/Fruehling-auf-dem-Land2.png?resize=347%2C500&amp;ssl=1 347w, https:\/\/i0.wp.com\/der-kleine-landladen.de\/wp-content\/uploads\/2025\/02\/Fruehling-auf-dem-Land2.png?w=375&amp;ssl=1 375w\" sizes=\"(max-width: 347px) 100vw, 347px\" \/><\/p>\n","protected":false},"excerpt":{"rendered":"<p>&nbsp; Nun sind die ersten Flyer bei uns eingetroffen. Wir wollen euch auf unser Event aufmerksam machen. Wir haben unseren Hof f\u00fcr Euch am 22. und 23. M\u00e4rz jeweils von 13 bis 17 Uhr ge\u00f6ffnet. \u00dcber einen Besuch von Euch w\u00fcrden wir uns freuen. &nbsp;<\/p>\n","protected":false},"author":1,"featured_media":0,"comment_status":"open","ping_status":"open","sticky":false,"template":"","format":"standard","meta":{"_jetpack_newsletter_access":"","_jetpack_dont_email_post_to_subs":false,"_jetpack_newsletter_tier_id":0,"_jetpack_memberships_contains_paywalled_content":false,"_jetpack_feature_clip_id":0,"_jetpack_memberships_contains_paid_content":false,"footnotes":"","jetpack_publicize_message":"","jetpack_publicize_feature_enabled":true,"jetpack_social_post_already_shared":true,"jetpack_social_options":{"image_generator_settings":{"template":"highway","default_image_id":0,"font":"","enabled":false},"version":2},"jetpack_post_was_ever_published":false},"categories":[69,74,77,86,88,89,91,1],"tags":[],"class_list":["post-2682","post","type-post","status-publish","format-standard","hentry","category-bilder-von-unseren-veranstaltungen","category-gartenmarkt","category-hoffest","category-maerkte","category-naturdekoration","category-neues","category-news","category-liebevolle-deko-geschenkideen-willkommen-im-kleinen-landladen-in-klein-doebbern"],"jetpack_publicize_connections":[],"jetpack_featured_media_url":"","jetpack-related-posts":[],"jetpack_sharing_enabled":true,"_links":{"self":[{"href":"https:\/\/der-kleine-landladen.de\/index.php?rest_route=\/wp\/v2\/posts\/2682","targetHints":{"allow":["GET"]}}],"collection":[{"href":"https:\/\/der-kleine-landladen.de\/index.php?rest_route=\/wp\/v2\/posts"}],"about":[{"href":"https:\/\/der-kleine-landladen.de\/index.php?rest_route=\/wp\/v2\/types\/post"}],"author":[{"embeddable":true,"href":"https:\/\/der-kleine-landladen.de\/index.php?rest_route=\/wp\/v2\/users\/1"}],"replies":[{"embeddable":true,"href":"https:\/\/der-kleine-landladen.de\/index.php?rest_route=%2Fwp%2Fv2%2Fcomments&post=2682"}],"version-history":[{"count":1,"href":"https:\/\/der-kleine-landladen.de\/index.php?rest_route=\/wp\/v2\/posts\/2682\/revisions"}],"predecessor-version":[{"id":2683,"href":"https:\/\/der-kleine-landladen.de\/index.php?rest_route=\/wp\/v2\/posts\/2682\/revisions\/2683"}],"wp:attachment":[{"href":"https:\/\/der-kleine-landladen.de\/index.php?rest_route=%2Fwp%2Fv2%2Fmedia&parent=2682"}],"wp:term":[{"taxonomy":"category","embeddable":true,"href":"https:\/\/der-kleine-landladen.de\/index.php?rest_route=%2Fwp%2Fv2%2Fcategories&post=2682"},{"taxonomy":"post_tag","embeddable":true,"href":"https:\/\/der-kleine-landladen.de\/index.php?rest_route=%2Fwp%2Fv2%2Ftags&post=2682"}],"curies":[{"name":"wp","href":"https:\/\/api.w.org\/{rel}","templated":true}]}}