{"id":2764,"date":"2025-05-25T10:42:55","date_gmt":"2025-05-25T08:42:55","guid":{"rendered":"https:\/\/der-kleine-landladen.de\/gartenmarkt-in-pillnitz"},"modified":"2025-05-25T10:42:55","modified_gmt":"2025-05-25T08:42:55","slug":"gartenmarkt-in-pillnitz","status":"publish","type":"post","link":"https:\/\/der-kleine-landladen.de\/?p=2764","title":{"rendered":"Gartenmarkt in Pillnitz"},"content":{"rendered":"\n<p>Gartenmarkt und Pflanzenb\u00f6rse in Pillnitz. Ob Gem\u00fcse oder Blumen Pflanzen, f\u00fcr jeden ist etwas dabei. Wir, der kleine Landladen sind auch f\u00fcr euch bis 17 Uhr da. \u00dcber eine Besuch freuen wir uns.<\/p>\n\n\n\n<figure class=\"wp-block-image size-large\"><img decoding=\"async\" src=\"file:\/\/\/data\/user\/0\/com.jetpack.android\/cache\/gridart_20250525_1034170154206003933980253739.jpg\" alt=\"\" class=\"wp-image-173\"\/><\/figure>\n\n\n\n<figure class=\"wp-block-image\"><img data-recalc-dims=\"1\" loading=\"lazy\" decoding=\"async\" width=\"525\" height=\"525\" src=\"https:\/\/i0.wp.com\/der-kleine-landladen.de\/wp-content\/uploads\/2025\/05\/gridart_20250525_103604905484545975416388226.jpg?resize=525%2C525&#038;ssl=1\" alt=\"\" class=\"wp-image-2761\" srcset=\"https:\/\/i0.wp.com\/der-kleine-landladen.de\/wp-content\/uploads\/2025\/05\/gridart_20250525_103604905484545975416388226.jpg?resize=1024%2C1024&amp;ssl=1 1024w, https:\/\/i0.wp.com\/der-kleine-landladen.de\/wp-content\/uploads\/2025\/05\/gridart_20250525_103604905484545975416388226.jpg?resize=500%2C500&amp;ssl=1 500w, https:\/\/i0.wp.com\/der-kleine-landladen.de\/wp-content\/uploads\/2025\/05\/gridart_20250525_103604905484545975416388226.jpg?resize=768%2C768&amp;ssl=1 768w, https:\/\/i0.wp.com\/der-kleine-landladen.de\/wp-content\/uploads\/2025\/05\/gridart_20250525_103604905484545975416388226.jpg?resize=1536%2C1536&amp;ssl=1 1536w, https:\/\/i0.wp.com\/der-kleine-landladen.de\/wp-content\/uploads\/2025\/05\/gridart_20250525_103604905484545975416388226.jpg?resize=100%2C100&amp;ssl=1 100w, https:\/\/i0.wp.com\/der-kleine-landladen.de\/wp-content\/uploads\/2025\/05\/gridart_20250525_103604905484545975416388226.jpg?w=2000&amp;ssl=1 2000w\" sizes=\"auto, (max-width: 767px) 89vw, (max-width: 1000px) 54vw, (max-width: 1071px) 543px, 580px\" \/><\/figure>\n\n\n\n<figure class=\"wp-block-image\"><img decoding=\"async\" src=\"file:\/\/\/data\/user\/0\/com.jetpack.android\/cache\/img_20250525_103204658415617941440922.jpg\" alt=\"\" class=\"wp-image-175\"\/><\/figure>\n","protected":false},"excerpt":{"rendered":"<p>Gartenmarkt und Pflanzenb\u00f6rse in Pillnitz. Ob Gem\u00fcse oder Blumen Pflanzen, f\u00fcr jeden ist etwas dabei. Wir, der kleine Landladen sind auch f\u00fcr euch bis 17 Uhr da. \u00dcber eine Besuch &hellip; <\/p>\n<p class=\"link-more\"><a href=\"https:\/\/der-kleine-landladen.de\/?p=2764\" class=\"more-link\"><span class=\"screen-reader-text\">\u201eGartenmarkt in Pillnitz\u201c <\/span>weiterlesen<\/a><\/p>\n","protected":false},"author":1,"featured_media":0,"comment_status":"open","ping_status":"open","sticky":false,"template":"","format":"standard","meta":{"_jetpack_memberships_contains_paid_content":false,"footnotes":"","jetpack_publicize_message":"","jetpack_publicize_feature_enabled":true,"jetpack_social_post_already_shared":true,"jetpack_social_options":{"image_generator_settings":{"template":"highway","default_image_id":0,"font":"","enabled":false},"version":2}},"categories":[74,86,95],"tags":[],"class_list":["post-2764","post","type-post","status-publish","format-standard","hentry","category-gartenmarkt","category-maerkte","category-unsere-produkte"],"jetpack_publicize_connections":[],"jetpack_featured_media_url":"","jetpack-related-posts":[],"jetpack_sharing_enabled":true,"_links":{"self":[{"href":"https:\/\/der-kleine-landladen.de\/index.php?rest_route=\/wp\/v2\/posts\/2764","targetHints":{"allow":["GET"]}}],"collection":[{"href":"https:\/\/der-kleine-landladen.de\/index.php?rest_route=\/wp\/v2\/posts"}],"about":[{"href":"https:\/\/der-kleine-landladen.de\/index.php?rest_route=\/wp\/v2\/types\/post"}],"author":[{"embeddable":true,"href":"https:\/\/der-kleine-landladen.de\/index.php?rest_route=\/wp\/v2\/users\/1"}],"replies":[{"embeddable":true,"href":"https:\/\/der-kleine-landladen.de\/index.php?rest_route=%2Fwp%2Fv2%2Fcomments&post=2764"}],"version-history":[{"count":0,"href":"https:\/\/der-kleine-landladen.de\/index.php?rest_route=\/wp\/v2\/posts\/2764\/revisions"}],"wp:attachment":[{"href":"https:\/\/der-kleine-landladen.de\/index.php?rest_route=%2Fwp%2Fv2%2Fmedia&parent=2764"}],"wp:term":[{"taxonomy":"category","embeddable":true,"href":"https:\/\/der-kleine-landladen.de\/index.php?rest_route=%2Fwp%2Fv2%2Fcategories&post=2764"},{"taxonomy":"post_tag","embeddable":true,"href":"https:\/\/der-kleine-landladen.de\/index.php?rest_route=%2Fwp%2Fv2%2Ftags&post=2764"}],"curies":[{"name":"wp","href":"https:\/\/api.w.org\/{rel}","templated":true}]}}