{"id":2765,"date":"2025-06-01T21:38:32","date_gmt":"2025-06-01T19:38:32","guid":{"rendered":"https:\/\/der-kleine-landladen.de\/?p=2765"},"modified":"2025-06-01T21:38:32","modified_gmt":"2025-06-01T19:38:32","slug":"naschallee-in-goerlitz-6","status":"publish","type":"post","link":"https:\/\/der-kleine-landladen.de\/?p=2765","title":{"rendered":"Naschallee in G\u00f6rlitz"},"content":{"rendered":"<p>&nbsp;<\/p>\n<div class=\"xdj266r x11i5rnm xat24cr x1mh8g0r x1vvkbs\">Am 07.06. erwartet euch und uns eine besondere Naschallee.<\/div>\n<div class=\"xdj266r x11i5rnm xat24cr x1mh8g0r x1vvkbs\">Warum?<br class=\"html-br\" \/>Der obere Teil vom Elisabethplatz wird feierlich von der Stadt G\u00f6rlitz eingeweiht und das wird gefeiert.<\/div>\n<div class=\"xdj266r x11i5rnm xat24cr x1mh8g0r x1vvkbs\">Von 8-bis diesmal 15 Uhr sind mit uns noch ca. 40 H\u00e4ndler auf dem Elisabethplatz f\u00fcr euch da.<\/div>\n<div class=\"x11i5rnm xat24cr x1mh8g0r x1vvkbs xtlvy1s\"><br class=\"html-br\" \/>Wir sind\u00a0 gespannt und freut uns mit den G\u00f6rlitzern und unseren G\u00e4ste auf eine neue G\u00f6rlitzer Naschallee.<\/div>\n<div><\/div>\n<div>Laut Veranstalter sind die H\u00e4ndler mit folgende Angeboten dabei:<br class=\"html-br\" \/>&#8211; Hofk\u00e4se<br class=\"html-br\" \/>&#8211; R\u00e4ucherwaren <br class=\"html-br\" \/>&#8211; Fr\u00fchst\u00fccksangebot<br class=\"html-br\" \/>&#8211; Eis<br class=\"html-br\" \/>&#8211; Kaffee und kalte Getr\u00e4nke<br class=\"html-br\" \/>&#8211; Keramik<br class=\"html-br\" \/>&#8211; Kunsthandwerk <br class=\"html-br\" \/>&#8211; Unterhaltung f\u00fcr die ganze Familie<\/div>\n<div><\/div>\n<div><img data-recalc-dims=\"1\" loading=\"lazy\" decoding=\"async\" class=\"alignnone size-medium wp-image-2450\" src=\"https:\/\/i0.wp.com\/der-kleine-landladen.de\/wp-content\/uploads\/2024\/08\/gridart_20240817_0829281354769435297228982038.jpg?resize=500%2C500&#038;ssl=1\" alt=\"\" width=\"500\" height=\"500\" srcset=\"https:\/\/i0.wp.com\/der-kleine-landladen.de\/wp-content\/uploads\/2024\/08\/gridart_20240817_0829281354769435297228982038.jpg?resize=500%2C500&amp;ssl=1 500w, https:\/\/i0.wp.com\/der-kleine-landladen.de\/wp-content\/uploads\/2024\/08\/gridart_20240817_0829281354769435297228982038.jpg?resize=1024%2C1024&amp;ssl=1 1024w, https:\/\/i0.wp.com\/der-kleine-landladen.de\/wp-content\/uploads\/2024\/08\/gridart_20240817_0829281354769435297228982038.jpg?resize=768%2C768&amp;ssl=1 768w, https:\/\/i0.wp.com\/der-kleine-landladen.de\/wp-content\/uploads\/2024\/08\/gridart_20240817_0829281354769435297228982038.jpg?resize=1536%2C1536&amp;ssl=1 1536w, https:\/\/i0.wp.com\/der-kleine-landladen.de\/wp-content\/uploads\/2024\/08\/gridart_20240817_0829281354769435297228982038.jpg?resize=1140%2C1140&amp;ssl=1 1140w, https:\/\/i0.wp.com\/der-kleine-landladen.de\/wp-content\/uploads\/2024\/08\/gridart_20240817_0829281354769435297228982038.jpg?resize=300%2C300&amp;ssl=1 300w, https:\/\/i0.wp.com\/der-kleine-landladen.de\/wp-content\/uploads\/2024\/08\/gridart_20240817_0829281354769435297228982038.jpg?resize=75%2C75&amp;ssl=1 75w, https:\/\/i0.wp.com\/der-kleine-landladen.de\/wp-content\/uploads\/2024\/08\/gridart_20240817_0829281354769435297228982038.jpg?w=1920&amp;ssl=1 1920w\" sizes=\"auto, (max-width: 500px) 100vw, 500px\" \/><\/div>\n<div><\/div>\n<div><img data-recalc-dims=\"1\" loading=\"lazy\" decoding=\"async\" class=\"alignnone size-medium wp-image-2651\" src=\"https:\/\/i0.wp.com\/der-kleine-landladen.de\/wp-content\/uploads\/2025\/01\/naschallee_1.jpg?resize=500%2C375&#038;ssl=1\" alt=\"\" width=\"500\" height=\"375\" srcset=\"https:\/\/i0.wp.com\/der-kleine-landladen.de\/wp-content\/uploads\/2025\/01\/naschallee_1.jpg?resize=500%2C375&amp;ssl=1 500w, https:\/\/i0.wp.com\/der-kleine-landladen.de\/wp-content\/uploads\/2025\/01\/naschallee_1.jpg?resize=1024%2C768&amp;ssl=1 1024w, https:\/\/i0.wp.com\/der-kleine-landladen.de\/wp-content\/uploads\/2025\/01\/naschallee_1.jpg?resize=768%2C576&amp;ssl=1 768w, https:\/\/i0.wp.com\/der-kleine-landladen.de\/wp-content\/uploads\/2025\/01\/naschallee_1.jpg?resize=1536%2C1152&amp;ssl=1 1536w, https:\/\/i0.wp.com\/der-kleine-landladen.de\/wp-content\/uploads\/2025\/01\/naschallee_1.jpg?resize=2048%2C1536&amp;ssl=1 2048w\" sizes=\"auto, (max-width: 500px) 100vw, 500px\" \/> <img data-recalc-dims=\"1\" loading=\"lazy\" decoding=\"async\" class=\"alignnone size-medium wp-image-2652\" src=\"https:\/\/i0.wp.com\/der-kleine-landladen.de\/wp-content\/uploads\/2025\/01\/naschallee_2.jpg?resize=375%2C500&#038;ssl=1\" alt=\"\" width=\"375\" height=\"500\" srcset=\"https:\/\/i0.wp.com\/der-kleine-landladen.de\/wp-content\/uploads\/2025\/01\/naschallee_2.jpg?resize=375%2C500&amp;ssl=1 375w, https:\/\/i0.wp.com\/der-kleine-landladen.de\/wp-content\/uploads\/2025\/01\/naschallee_2.jpg?resize=768%2C1024&amp;ssl=1 768w, https:\/\/i0.wp.com\/der-kleine-landladen.de\/wp-content\/uploads\/2025\/01\/naschallee_2.jpg?resize=1152%2C1536&amp;ssl=1 1152w, https:\/\/i0.wp.com\/der-kleine-landladen.de\/wp-content\/uploads\/2025\/01\/naschallee_2.jpg?resize=1536%2C2048&amp;ssl=1 1536w, https:\/\/i0.wp.com\/der-kleine-landladen.de\/wp-content\/uploads\/2025\/01\/naschallee_2.jpg?w=1920&amp;ssl=1 1920w, https:\/\/i0.wp.com\/der-kleine-landladen.de\/wp-content\/uploads\/2025\/01\/naschallee_2.jpg?w=1050&amp;ssl=1 1050w\" sizes=\"auto, (max-width: 375px) 100vw, 375px\" \/><\/div>\n","protected":false},"excerpt":{"rendered":"<p>&nbsp; Am 07.06. erwartet euch und uns eine besondere Naschallee. Warum?Der obere Teil vom Elisabethplatz wird feierlich von der Stadt G\u00f6rlitz eingeweiht und das wird gefeiert. Von 8-bis diesmal 15 &hellip; <\/p>\n<p class=\"link-more\"><a href=\"https:\/\/der-kleine-landladen.de\/?p=2765\" class=\"more-link\"><span class=\"screen-reader-text\">\u201eNaschallee in G\u00f6rlitz\u201c <\/span>weiterlesen<\/a><\/p>\n","protected":false},"author":1,"featured_media":0,"comment_status":"open","ping_status":"open","sticky":false,"template":"","format":"standard","meta":{"_jetpack_memberships_contains_paid_content":false,"footnotes":"","jetpack_publicize_message":"","jetpack_publicize_feature_enabled":true,"jetpack_social_post_already_shared":true,"jetpack_social_options":{"image_generator_settings":{"template":"highway","default_image_id":0,"font":"","enabled":false},"version":2}},"categories":[69,86,87,89,91,1],"tags":[],"class_list":["post-2765","post","type-post","status-publish","format-standard","hentry","category-bilder-von-unseren-veranstaltungen","category-maerkte","category-naschallee","category-neues","category-news","category-liebevolle-deko-geschenkideen-willkommen-im-kleinen-landladen-in-klein-doebbern"],"jetpack_publicize_connections":[],"jetpack_featured_media_url":"","jetpack-related-posts":[],"jetpack_sharing_enabled":true,"_links":{"self":[{"href":"https:\/\/der-kleine-landladen.de\/index.php?rest_route=\/wp\/v2\/posts\/2765","targetHints":{"allow":["GET"]}}],"collection":[{"href":"https:\/\/der-kleine-landladen.de\/index.php?rest_route=\/wp\/v2\/posts"}],"about":[{"href":"https:\/\/der-kleine-landladen.de\/index.php?rest_route=\/wp\/v2\/types\/post"}],"author":[{"embeddable":true,"href":"https:\/\/der-kleine-landladen.de\/index.php?rest_route=\/wp\/v2\/users\/1"}],"replies":[{"embeddable":true,"href":"https:\/\/der-kleine-landladen.de\/index.php?rest_route=%2Fwp%2Fv2%2Fcomments&post=2765"}],"version-history":[{"count":1,"href":"https:\/\/der-kleine-landladen.de\/index.php?rest_route=\/wp\/v2\/posts\/2765\/revisions"}],"predecessor-version":[{"id":2766,"href":"https:\/\/der-kleine-landladen.de\/index.php?rest_route=\/wp\/v2\/posts\/2765\/revisions\/2766"}],"wp:attachment":[{"href":"https:\/\/der-kleine-landladen.de\/index.php?rest_route=%2Fwp%2Fv2%2Fmedia&parent=2765"}],"wp:term":[{"taxonomy":"category","embeddable":true,"href":"https:\/\/der-kleine-landladen.de\/index.php?rest_route=%2Fwp%2Fv2%2Fcategories&post=2765"},{"taxonomy":"post_tag","embeddable":true,"href":"https:\/\/der-kleine-landladen.de\/index.php?rest_route=%2Fwp%2Fv2%2Ftags&post=2765"}],"curies":[{"name":"wp","href":"https:\/\/api.w.org\/{rel}","templated":true}]}}