{"id":2870,"date":"2025-09-11T12:06:38","date_gmt":"2025-09-11T10:06:38","guid":{"rendered":"https:\/\/der-kleine-landladen.de\/?p=2870"},"modified":"2025-09-11T12:09:11","modified_gmt":"2025-09-11T10:09:11","slug":"naturmarkt-wartha-4","status":"publish","type":"post","link":"https:\/\/der-kleine-landladen.de\/?p=2870","title":{"rendered":"Naturmarkt Wartha"},"content":{"rendered":"<p>&nbsp;<\/p>\n<p>Am 13. September ist es wieder soweit, der Herbst &#8211;\u00a0 Naturmarkt im Biosph\u00e4renreservat lockt mit vielf\u00e4ltigem Programm und vielen H\u00e4ndlern.<\/p>\n<p><span class=\"content-textbody\">Von 10 bis 17 Uhr laden die Biosph\u00e4renreservatsverwaltung und der Heimatverein Radi\u0161ka zum bunten Markttreiben im Malschwitzer Ortsteil Wartha ein. Bei den Naturm\u00e4rkten im Biosph\u00e4renreservat ist f\u00fcr jeden etwas dabei: Mehr als 80 regionale Produzentinnen und Produzenten bieten ein breites Angebot an saisonalen Lebensmitteln, erlesenen Handwerksprodukten und vielem mehr.<\/span><\/p>\n<h1><img data-recalc-dims=\"1\" fetchpriority=\"high\" decoding=\"async\" class=\"alignnone size-medium wp-image-2871\" src=\"https:\/\/i0.wp.com\/der-kleine-landladen.de\/wp-content\/uploads\/2025\/09\/20220910_105403.jpg?resize=500%2C375&#038;ssl=1\" alt=\"\" width=\"500\" height=\"375\" srcset=\"https:\/\/i0.wp.com\/der-kleine-landladen.de\/wp-content\/uploads\/2025\/09\/20220910_105403-scaled.jpg?resize=500%2C375&amp;ssl=1 500w, https:\/\/i0.wp.com\/der-kleine-landladen.de\/wp-content\/uploads\/2025\/09\/20220910_105403-scaled.jpg?resize=1024%2C768&amp;ssl=1 1024w, https:\/\/i0.wp.com\/der-kleine-landladen.de\/wp-content\/uploads\/2025\/09\/20220910_105403-scaled.jpg?resize=768%2C576&amp;ssl=1 768w, https:\/\/i0.wp.com\/der-kleine-landladen.de\/wp-content\/uploads\/2025\/09\/20220910_105403-scaled.jpg?resize=1536%2C1152&amp;ssl=1 1536w, https:\/\/i0.wp.com\/der-kleine-landladen.de\/wp-content\/uploads\/2025\/09\/20220910_105403-scaled.jpg?resize=2048%2C1536&amp;ssl=1 2048w\" sizes=\"(max-width: 500px) 100vw, 500px\" \/> <img data-recalc-dims=\"1\" decoding=\"async\" class=\"alignnone size-medium wp-image-2872\" src=\"https:\/\/i0.wp.com\/der-kleine-landladen.de\/wp-content\/uploads\/2025\/09\/20220910_121531.jpg?resize=500%2C375&#038;ssl=1\" alt=\"\" width=\"500\" height=\"375\" srcset=\"https:\/\/i0.wp.com\/der-kleine-landladen.de\/wp-content\/uploads\/2025\/09\/20220910_121531-scaled.jpg?resize=500%2C375&amp;ssl=1 500w, https:\/\/i0.wp.com\/der-kleine-landladen.de\/wp-content\/uploads\/2025\/09\/20220910_121531-scaled.jpg?resize=1024%2C768&amp;ssl=1 1024w, https:\/\/i0.wp.com\/der-kleine-landladen.de\/wp-content\/uploads\/2025\/09\/20220910_121531-scaled.jpg?resize=768%2C576&amp;ssl=1 768w, https:\/\/i0.wp.com\/der-kleine-landladen.de\/wp-content\/uploads\/2025\/09\/20220910_121531-scaled.jpg?resize=1536%2C1152&amp;ssl=1 1536w, https:\/\/i0.wp.com\/der-kleine-landladen.de\/wp-content\/uploads\/2025\/09\/20220910_121531-scaled.jpg?resize=2048%2C1536&amp;ssl=1 2048w\" sizes=\"(max-width: 500px) 100vw, 500px\" \/> <img data-recalc-dims=\"1\" decoding=\"async\" class=\"alignnone size-medium wp-image-2873\" src=\"https:\/\/i0.wp.com\/der-kleine-landladen.de\/wp-content\/uploads\/2025\/09\/20220910_121653.jpg?resize=375%2C500&#038;ssl=1\" alt=\"\" width=\"375\" height=\"500\" srcset=\"https:\/\/i0.wp.com\/der-kleine-landladen.de\/wp-content\/uploads\/2025\/09\/20220910_121653-scaled.jpg?resize=375%2C500&amp;ssl=1 375w, https:\/\/i0.wp.com\/der-kleine-landladen.de\/wp-content\/uploads\/2025\/09\/20220910_121653-scaled.jpg?resize=768%2C1024&amp;ssl=1 768w, https:\/\/i0.wp.com\/der-kleine-landladen.de\/wp-content\/uploads\/2025\/09\/20220910_121653-scaled.jpg?resize=1152%2C1536&amp;ssl=1 1152w, https:\/\/i0.wp.com\/der-kleine-landladen.de\/wp-content\/uploads\/2025\/09\/20220910_121653-scaled.jpg?resize=1536%2C2048&amp;ssl=1 1536w, https:\/\/i0.wp.com\/der-kleine-landladen.de\/wp-content\/uploads\/2025\/09\/20220910_121653-scaled.jpg?w=1920&amp;ssl=1 1920w, https:\/\/i0.wp.com\/der-kleine-landladen.de\/wp-content\/uploads\/2025\/09\/20220910_121653-scaled.jpg?w=1050&amp;ssl=1 1050w\" sizes=\"(max-width: 375px) 100vw, 375px\" \/><\/h1>\n","protected":false},"excerpt":{"rendered":"<p>&nbsp; Am 13. September ist es wieder soweit, der Herbst &#8211;\u00a0 Naturmarkt im Biosph\u00e4renreservat lockt mit vielf\u00e4ltigem Programm und vielen H\u00e4ndlern. Von 10 bis 17 Uhr laden die Biosph\u00e4renreservatsverwaltung und der Heimatverein Radi\u0161ka zum bunten Markttreiben im Malschwitzer Ortsteil Wartha ein. Bei den Naturm\u00e4rkten im Biosph\u00e4renreservat ist f\u00fcr jeden etwas dabei: Mehr als 80 regionale Produzentinnen und Produzenten bieten ein breites Angebot an saisonalen Lebensmitteln, erlesenen Handwerksprodukten und vielem mehr.<\/p>\n","protected":false},"author":1,"featured_media":0,"comment_status":"open","ping_status":"open","sticky":false,"template":"","format":"standard","meta":{"_jetpack_newsletter_access":"","_jetpack_dont_email_post_to_subs":false,"_jetpack_newsletter_tier_id":0,"_jetpack_memberships_contains_paywalled_content":false,"_jetpack_feature_clip_id":0,"_jetpack_memberships_contains_paid_content":false,"footnotes":"","jetpack_publicize_message":"","jetpack_publicize_feature_enabled":true,"jetpack_social_post_already_shared":true,"jetpack_social_options":{"image_generator_settings":{"template":"highway","default_image_id":0,"font":"","enabled":false},"version":2},"jetpack_post_was_ever_published":false},"categories":[69,74,86,88,89,90,91,1],"tags":[],"class_list":["post-2870","post","type-post","status-publish","format-standard","hentry","category-bilder-von-unseren-veranstaltungen","category-gartenmarkt","category-maerkte","category-naturdekoration","category-neues","category-neues-und-altes","category-news","category-liebevolle-deko-geschenkideen-willkommen-im-kleinen-landladen-in-klein-doebbern"],"jetpack_publicize_connections":[],"jetpack_featured_media_url":"","jetpack-related-posts":[],"jetpack_sharing_enabled":true,"_links":{"self":[{"href":"https:\/\/der-kleine-landladen.de\/index.php?rest_route=\/wp\/v2\/posts\/2870","targetHints":{"allow":["GET"]}}],"collection":[{"href":"https:\/\/der-kleine-landladen.de\/index.php?rest_route=\/wp\/v2\/posts"}],"about":[{"href":"https:\/\/der-kleine-landladen.de\/index.php?rest_route=\/wp\/v2\/types\/post"}],"author":[{"embeddable":true,"href":"https:\/\/der-kleine-landladen.de\/index.php?rest_route=\/wp\/v2\/users\/1"}],"replies":[{"embeddable":true,"href":"https:\/\/der-kleine-landladen.de\/index.php?rest_route=%2Fwp%2Fv2%2Fcomments&post=2870"}],"version-history":[{"count":3,"href":"https:\/\/der-kleine-landladen.de\/index.php?rest_route=\/wp\/v2\/posts\/2870\/revisions"}],"predecessor-version":[{"id":2876,"href":"https:\/\/der-kleine-landladen.de\/index.php?rest_route=\/wp\/v2\/posts\/2870\/revisions\/2876"}],"wp:attachment":[{"href":"https:\/\/der-kleine-landladen.de\/index.php?rest_route=%2Fwp%2Fv2%2Fmedia&parent=2870"}],"wp:term":[{"taxonomy":"category","embeddable":true,"href":"https:\/\/der-kleine-landladen.de\/index.php?rest_route=%2Fwp%2Fv2%2Fcategories&post=2870"},{"taxonomy":"post_tag","embeddable":true,"href":"https:\/\/der-kleine-landladen.de\/index.php?rest_route=%2Fwp%2Fv2%2Ftags&post=2870"}],"curies":[{"name":"wp","href":"https:\/\/api.w.org\/{rel}","templated":true}]}}