{"id":2970,"date":"2026-01-06T21:16:34","date_gmt":"2026-01-06T20:16:34","guid":{"rendered":"https:\/\/der-kleine-landladen.de\/?p=2970"},"modified":"2026-01-06T21:16:34","modified_gmt":"2026-01-06T20:16:34","slug":"markttermine-2026","status":"publish","type":"post","link":"https:\/\/der-kleine-landladen.de\/?p=2970","title":{"rendered":"Markttermine 2026"},"content":{"rendered":"<p>&nbsp;<\/p>\n<p><em>Unsere neuen Markttermine stehen Leider noch nicht fest! <\/em><\/p>\n<p><em>Wir planen f\u00fcr den Monat M\u00e4rz eine Event zu Ostern auf unserem Hof in Klein D\u00f6bbern.<br \/>\nSobald wir einen festen Termin haben, k\u00f6nnt ihr euch auf unserer Seite informieren.\u00a0<\/em><\/p>\n<p><img data-recalc-dims=\"1\" fetchpriority=\"high\" decoding=\"async\" class=\"alignnone size-medium wp-image-2847\" src=\"https:\/\/i0.wp.com\/der-kleine-landladen.de\/wp-content\/uploads\/2025\/08\/img_20250827_144520755137941360179413-1.jpg?resize=375%2C500&#038;ssl=1\" alt=\"\" width=\"375\" height=\"500\" srcset=\"https:\/\/i0.wp.com\/der-kleine-landladen.de\/wp-content\/uploads\/2025\/08\/img_20250827_144520755137941360179413-1.jpg?resize=375%2C500&amp;ssl=1 375w, https:\/\/i0.wp.com\/der-kleine-landladen.de\/wp-content\/uploads\/2025\/08\/img_20250827_144520755137941360179413-1.jpg?resize=768%2C1024&amp;ssl=1 768w, https:\/\/i0.wp.com\/der-kleine-landladen.de\/wp-content\/uploads\/2025\/08\/img_20250827_144520755137941360179413-1.jpg?resize=1152%2C1536&amp;ssl=1 1152w, https:\/\/i0.wp.com\/der-kleine-landladen.de\/wp-content\/uploads\/2025\/08\/img_20250827_144520755137941360179413-1.jpg?w=1500&amp;ssl=1 1500w, https:\/\/i0.wp.com\/der-kleine-landladen.de\/wp-content\/uploads\/2025\/08\/img_20250827_144520755137941360179413-1.jpg?w=1050&amp;ssl=1 1050w\" sizes=\"(max-width: 375px) 100vw, 375px\" \/><\/p>\n","protected":false},"excerpt":{"rendered":"<p>&nbsp; Unsere neuen Markttermine stehen Leider noch nicht fest! Wir planen f\u00fcr den Monat M\u00e4rz eine Event zu Ostern auf unserem Hof in Klein D\u00f6bbern. Sobald wir einen festen Termin haben, k\u00f6nnt ihr euch auf unserer Seite informieren.\u00a0<\/p>\n","protected":false},"author":1,"featured_media":0,"comment_status":"open","ping_status":"open","sticky":false,"template":"","format":"standard","meta":{"_jetpack_newsletter_access":"","_jetpack_dont_email_post_to_subs":false,"_jetpack_newsletter_tier_id":0,"_jetpack_memberships_contains_paywalled_content":false,"_jetpack_feature_clip_id":0,"_jetpack_memberships_contains_paid_content":false,"footnotes":"","jetpack_publicize_message":"","jetpack_publicize_feature_enabled":true,"jetpack_social_post_already_shared":true,"jetpack_social_options":{"image_generator_settings":{"template":"highway","default_image_id":0,"font":"","enabled":false},"version":2},"jetpack_post_was_ever_published":false},"categories":[74,77,86,89,91,1,95],"tags":[],"class_list":["post-2970","post","type-post","status-publish","format-standard","hentry","category-gartenmarkt","category-hoffest","category-maerkte","category-neues","category-news","category-liebevolle-deko-geschenkideen-willkommen-im-kleinen-landladen-in-klein-doebbern","category-unsere-produkte"],"jetpack_publicize_connections":[],"jetpack_featured_media_url":"","jetpack-related-posts":[],"jetpack_sharing_enabled":true,"_links":{"self":[{"href":"https:\/\/der-kleine-landladen.de\/index.php?rest_route=\/wp\/v2\/posts\/2970","targetHints":{"allow":["GET"]}}],"collection":[{"href":"https:\/\/der-kleine-landladen.de\/index.php?rest_route=\/wp\/v2\/posts"}],"about":[{"href":"https:\/\/der-kleine-landladen.de\/index.php?rest_route=\/wp\/v2\/types\/post"}],"author":[{"embeddable":true,"href":"https:\/\/der-kleine-landladen.de\/index.php?rest_route=\/wp\/v2\/users\/1"}],"replies":[{"embeddable":true,"href":"https:\/\/der-kleine-landladen.de\/index.php?rest_route=%2Fwp%2Fv2%2Fcomments&post=2970"}],"version-history":[{"count":1,"href":"https:\/\/der-kleine-landladen.de\/index.php?rest_route=\/wp\/v2\/posts\/2970\/revisions"}],"predecessor-version":[{"id":2971,"href":"https:\/\/der-kleine-landladen.de\/index.php?rest_route=\/wp\/v2\/posts\/2970\/revisions\/2971"}],"wp:attachment":[{"href":"https:\/\/der-kleine-landladen.de\/index.php?rest_route=%2Fwp%2Fv2%2Fmedia&parent=2970"}],"wp:term":[{"taxonomy":"category","embeddable":true,"href":"https:\/\/der-kleine-landladen.de\/index.php?rest_route=%2Fwp%2Fv2%2Fcategories&post=2970"},{"taxonomy":"post_tag","embeddable":true,"href":"https:\/\/der-kleine-landladen.de\/index.php?rest_route=%2Fwp%2Fv2%2Ftags&post=2970"}],"curies":[{"name":"wp","href":"https:\/\/api.w.org\/{rel}","templated":true}]}}