{"id":492,"date":"2019-06-06T18:45:25","date_gmt":"2019-06-06T18:45:25","guid":{"rendered":"http:\/\/der-kleine-landladen.de\/?p=492"},"modified":"2019-06-06T18:45:25","modified_gmt":"2019-06-06T18:45:25","slug":"brandenburger-landpartie","status":"publish","type":"post","link":"https:\/\/der-kleine-landladen.de\/?p=492","title":{"rendered":"Brandenburger Landpartie"},"content":{"rendered":"<p><img data-recalc-dims=\"1\" fetchpriority=\"high\" decoding=\"async\" class=\"alignnone size-full wp-image-493\" src=\"https:\/\/i0.wp.com\/ga-online-handel.de\/wp-content\/uploads\/2019\/06\/Brandenburger_Landpartie.png?resize=525%2C222\" alt=\"\" width=\"525\" height=\"222\" srcset=\"https:\/\/i0.wp.com\/der-kleine-landladen.de\/wp-content\/uploads\/2019\/06\/Brandenburger_Landpartie.png?w=935&amp;ssl=1 935w, https:\/\/i0.wp.com\/der-kleine-landladen.de\/wp-content\/uploads\/2019\/06\/Brandenburger_Landpartie.png?resize=500%2C212&amp;ssl=1 500w, https:\/\/i0.wp.com\/der-kleine-landladen.de\/wp-content\/uploads\/2019\/06\/Brandenburger_Landpartie.png?resize=768%2C325&amp;ssl=1 768w\" sizes=\"(max-width: 767px) 89vw, (max-width: 1000px) 54vw, (max-width: 1071px) 543px, 580px\" \/>Wir laden euch am 15. und 16. Juni auf unseren Hof zur Brandenburger Landpartie ein.<br \/>\nUnter dem Walnussbaum k\u00f6nnt ihr Kaffee und Kuchen geniessen und euch von vielen Alten und Neuen dekorativen Produkten f\u00fcr Wohnung, Haus und Garten inspirieren lassen.<\/p>\n<p>Wir haben f\u00fcr euch wie folgt ge\u00f6ffnet.<\/p>\n<p>15.06.2019 von 11:00 bis 17:00 Uhr<br \/>\nund<br \/>\n16.06.2019 von 11:00 bis 17:00 Uhr.<\/p>\n<p>Hier noch einmal die Adresse f\u00fcr das Navi:<\/p>\n<p>Kastanienweg 3, 03058 Neuhausen OT Klein D\u00f6bbern<\/p>\n","protected":false},"excerpt":{"rendered":"<p>Wir laden euch am 15. und 16. Juni auf unseren Hof zur Brandenburger Landpartie ein. Unter dem Walnussbaum k\u00f6nnt ihr Kaffee und Kuchen geniessen und euch von vielen Alten und Neuen dekorativen Produkten f\u00fcr Wohnung, Haus und Garten inspirieren lassen. Wir haben f\u00fcr euch wie folgt ge\u00f6ffnet. 15.06.2019 von 11:00 bis 17:00 Uhr und 16.06.2019 von 11:00 bis 17:00 Uhr. Hier noch einmal die Adresse f\u00fcr das Navi: Kastanienweg 3, 03058 Neuhausen OT Klein D\u00f6bbern<\/p>\n","protected":false},"author":1,"featured_media":0,"comment_status":"open","ping_status":"open","sticky":false,"template":"","format":"standard","meta":{"_jetpack_newsletter_access":"","_jetpack_dont_email_post_to_subs":false,"_jetpack_newsletter_tier_id":0,"_jetpack_memberships_contains_paywalled_content":false,"_jetpack_feature_clip_id":0,"_jetpack_memberships_contains_paid_content":false,"footnotes":"","jetpack_publicize_message":"","jetpack_publicize_feature_enabled":true,"jetpack_social_post_already_shared":false,"jetpack_social_options":{"image_generator_settings":{"template":"highway","default_image_id":0,"font":"","enabled":false},"version":2},"jetpack_post_was_ever_published":false},"categories":[1],"tags":[],"class_list":["post-492","post","type-post","status-publish","format-standard","hentry","category-liebevolle-deko-geschenkideen-willkommen-im-kleinen-landladen-in-klein-doebbern"],"jetpack_publicize_connections":[],"jetpack_featured_media_url":"","jetpack-related-posts":[],"jetpack_sharing_enabled":true,"_links":{"self":[{"href":"https:\/\/der-kleine-landladen.de\/index.php?rest_route=\/wp\/v2\/posts\/492","targetHints":{"allow":["GET"]}}],"collection":[{"href":"https:\/\/der-kleine-landladen.de\/index.php?rest_route=\/wp\/v2\/posts"}],"about":[{"href":"https:\/\/der-kleine-landladen.de\/index.php?rest_route=\/wp\/v2\/types\/post"}],"author":[{"embeddable":true,"href":"https:\/\/der-kleine-landladen.de\/index.php?rest_route=\/wp\/v2\/users\/1"}],"replies":[{"embeddable":true,"href":"https:\/\/der-kleine-landladen.de\/index.php?rest_route=%2Fwp%2Fv2%2Fcomments&post=492"}],"version-history":[{"count":1,"href":"https:\/\/der-kleine-landladen.de\/index.php?rest_route=\/wp\/v2\/posts\/492\/revisions"}],"predecessor-version":[{"id":494,"href":"https:\/\/der-kleine-landladen.de\/index.php?rest_route=\/wp\/v2\/posts\/492\/revisions\/494"}],"wp:attachment":[{"href":"https:\/\/der-kleine-landladen.de\/index.php?rest_route=%2Fwp%2Fv2%2Fmedia&parent=492"}],"wp:term":[{"taxonomy":"category","embeddable":true,"href":"https:\/\/der-kleine-landladen.de\/index.php?rest_route=%2Fwp%2Fv2%2Fcategories&post=492"},{"taxonomy":"post_tag","embeddable":true,"href":"https:\/\/der-kleine-landladen.de\/index.php?rest_route=%2Fwp%2Fv2%2Ftags&post=492"}],"curies":[{"name":"wp","href":"https:\/\/api.w.org\/{rel}","templated":true}]}}