{"id":496,"date":"2019-06-06T18:57:35","date_gmt":"2019-06-06T18:57:35","guid":{"rendered":"http:\/\/der-kleine-landladen.de\/?p=496"},"modified":"2019-06-06T18:57:35","modified_gmt":"2019-06-06T18:57:35","slug":"muehlentag-in-schwarzkollm-krabatmuehle","status":"publish","type":"post","link":"https:\/\/der-kleine-landladen.de\/?p=496","title":{"rendered":"M\u00fchlentag in Schwarzkollm &#8211; Krabatm\u00fchle"},"content":{"rendered":"<p><img data-recalc-dims=\"1\" fetchpriority=\"high\" decoding=\"async\" class=\"alignnone size-full wp-image-497\" src=\"https:\/\/i0.wp.com\/ga-online-handel.de\/wp-content\/uploads\/2019\/06\/schwarzkollm.jpg?resize=474%2C316\" alt=\"\" width=\"474\" height=\"316\" \/><\/p>\n<p>&nbsp;<\/p>\n<h1 class=\"first \">Deutscher M\u00fchlentag (N\u011bmski m\u0142ynski d\u017ae\u0144)<\/h1>\n<p><strong>Beginn: 10.06.2019 um 11 Uhr<\/strong><\/p>\n<p>An diesem Tag steht die sagenumwobene Schwarze M\u00fchle mit ihrem Mahlwerk und dem gro\u00dfen Wasserrad im Blickpunkt. Wir bieten Ihnen unter Mitwirkung vielf\u00e4ltigster Laiengruppen ein vielseitiges kulturelles Programm. Neben Vereins- und Handwerkerst\u00e4nden werden viele regionale Leckereien aus der Lausitz angeboten. Der schwarze M\u00fcller und Pumphut begleiten Sie durch den Tag. Gl\u00fcck zu!<\/p>\n<p align=\"left\"><strong>11.00 Uhr \u00a0 \u00a0 \u00a0 \u00a0 \u00a0 \u00a0 \u00a0 \u00a0\u00a0 Er\u00f6ffnung mit dem Schwarzen M\u00fcller und Pumput<\/strong><\/p>\n<p align=\"left\"><strong>11.00 &#8211; 13.00 Uhr \u00a0 \u00a0\u00a0Gr\u00fcnewalder Musikanten (Blasmusik)<\/strong><\/p>\n<p align=\"left\"><strong>13.45 &#8211; 14.30 Uhr \u00a0 \u00a0\u00a0Tanz Club Schwarz-Gold Hoyerswerda<\/strong><\/p>\n<p align=\"left\"><strong>15.30 &#8211; 17.30 Uhr \u00a0 \u00a0\u00a0Sunshine Orchester \u2013 Musikschule Fr\u00f6hlich<\/strong><\/p>\n<p>Vielf\u00e4ltige regionale Angebote verzaubern Ihren Gaumen<\/p>\n<p>Gl\u00fcck zu!<\/p>\n","protected":false},"excerpt":{"rendered":"<p>&nbsp; Deutscher M\u00fchlentag (N\u011bmski m\u0142ynski d\u017ae\u0144) Beginn: 10.06.2019 um 11 Uhr An diesem Tag steht die sagenumwobene Schwarze M\u00fchle mit ihrem Mahlwerk und dem gro\u00dfen Wasserrad im Blickpunkt. Wir bieten Ihnen unter Mitwirkung vielf\u00e4ltigster Laiengruppen ein vielseitiges kulturelles Programm. Neben Vereins- und Handwerkerst\u00e4nden werden viele regionale Leckereien aus der Lausitz angeboten. Der schwarze M\u00fcller und Pumphut begleiten Sie durch den Tag. Gl\u00fcck zu! 11.00 Uhr \u00a0 \u00a0 \u00a0 \u00a0 \u00a0 \u00a0 \u00a0 \u00a0\u00a0 Er\u00f6ffnung mit dem Schwarzen M\u00fcller und Pumput 11.00 &#8211; 13.00 Uhr \u00a0 \u00a0\u00a0Gr\u00fcnewalder Musikanten (Blasmusik) 13.45 &#8211; 14.30 Uhr \u00a0 \u00a0\u00a0Tanz Club Schwarz-Gold Hoyerswerda 15.30 &#8211; 17.30 Uhr \u00a0 \u00a0\u00a0Sunshine Orchester \u2013 Musikschule Fr\u00f6hlich Vielf\u00e4ltige regionale Angebote verzaubern Ihren Gaumen Gl\u00fcck zu!<\/p>\n","protected":false},"author":1,"featured_media":0,"comment_status":"open","ping_status":"open","sticky":false,"template":"","format":"standard","meta":{"_jetpack_newsletter_access":"","_jetpack_dont_email_post_to_subs":false,"_jetpack_newsletter_tier_id":0,"_jetpack_memberships_contains_paywalled_content":false,"_jetpack_feature_clip_id":0,"_jetpack_memberships_contains_paid_content":false,"footnotes":"","jetpack_publicize_message":"","jetpack_publicize_feature_enabled":true,"jetpack_social_post_already_shared":false,"jetpack_social_options":{"image_generator_settings":{"template":"highway","default_image_id":0,"font":"","enabled":false},"version":2},"jetpack_post_was_ever_published":false},"categories":[1],"tags":[],"class_list":["post-496","post","type-post","status-publish","format-standard","hentry","category-liebevolle-deko-geschenkideen-willkommen-im-kleinen-landladen-in-klein-doebbern"],"jetpack_publicize_connections":[],"jetpack_featured_media_url":"","jetpack-related-posts":[],"jetpack_sharing_enabled":true,"_links":{"self":[{"href":"https:\/\/der-kleine-landladen.de\/index.php?rest_route=\/wp\/v2\/posts\/496","targetHints":{"allow":["GET"]}}],"collection":[{"href":"https:\/\/der-kleine-landladen.de\/index.php?rest_route=\/wp\/v2\/posts"}],"about":[{"href":"https:\/\/der-kleine-landladen.de\/index.php?rest_route=\/wp\/v2\/types\/post"}],"author":[{"embeddable":true,"href":"https:\/\/der-kleine-landladen.de\/index.php?rest_route=\/wp\/v2\/users\/1"}],"replies":[{"embeddable":true,"href":"https:\/\/der-kleine-landladen.de\/index.php?rest_route=%2Fwp%2Fv2%2Fcomments&post=496"}],"version-history":[{"count":1,"href":"https:\/\/der-kleine-landladen.de\/index.php?rest_route=\/wp\/v2\/posts\/496\/revisions"}],"predecessor-version":[{"id":498,"href":"https:\/\/der-kleine-landladen.de\/index.php?rest_route=\/wp\/v2\/posts\/496\/revisions\/498"}],"wp:attachment":[{"href":"https:\/\/der-kleine-landladen.de\/index.php?rest_route=%2Fwp%2Fv2%2Fmedia&parent=496"}],"wp:term":[{"taxonomy":"category","embeddable":true,"href":"https:\/\/der-kleine-landladen.de\/index.php?rest_route=%2Fwp%2Fv2%2Fcategories&post=496"},{"taxonomy":"post_tag","embeddable":true,"href":"https:\/\/der-kleine-landladen.de\/index.php?rest_route=%2Fwp%2Fv2%2Ftags&post=496"}],"curies":[{"name":"wp","href":"https:\/\/api.w.org\/{rel}","templated":true}]}}