{"id":564,"date":"2019-08-15T20:06:17","date_gmt":"2019-08-15T20:06:17","guid":{"rendered":"http:\/\/der-kleine-landladen.de\/?p=564"},"modified":"2019-08-16T12:07:34","modified_gmt":"2019-08-16T12:07:34","slug":"24-leinentage-rammenau","status":"publish","type":"post","link":"https:\/\/der-kleine-landladen.de\/?p=564","title":{"rendered":"24. Leinentage Rammenau"},"content":{"rendered":"<p>Ja es ist schon wieder ein Jahr vergangen. Schloss Rammenau \u00f6ffnet seine Tor f\u00fcr die 24. Leinentage am Sonnabend den 24.08 und Sonntag den 25.08.2019.<br \/>\nIhr findet uns im Meierhof gegen\u00fcber den Pumpe.<\/p>\n<p>Erleben Sie zahlreiche Veranstaltungen rund ums Leinen, alte Handwerkskunst auf dem historischen Leinenmarkt, Kreationen von \u00fcber 200 Designern und Kunsthandwerkern aus ganz Europa und auch Schauvorf\u00fchrungen.<\/p>\n<p>Ort:\u00a0 Am Schloss 4 | 01877 Rammenau, Schloss Rammenau<br \/>\n\u00d6ffnungszeiten: 24.08. und 25.08. von 10 bis 18 Uhr.<\/p>\n<p>&nbsp;<\/p>\n<p><a href=\"http:\/\/ga-online-handel.de\/wp-content\/uploads\/2019\/08\/Programm_Leinentage_2019-Finalfassung-WEBpdf.pdf\" target=\"_blank\" rel=\"noopener\">Programm_Leinentage_2019<\/a><\/p>\n<p>Hier noch einige Bilder von dem letzten Markt:<\/p>\n<p><img data-recalc-dims=\"1\" fetchpriority=\"high\" decoding=\"async\" class=\"alignnone size-medium wp-image-569\" src=\"https:\/\/i0.wp.com\/ga-online-handel.de\/wp-content\/uploads\/2019\/08\/20150830_085911-Kopie-500x281.jpg?resize=500%2C281\" alt=\"\" width=\"500\" height=\"281\" srcset=\"https:\/\/i0.wp.com\/der-kleine-landladen.de\/wp-content\/uploads\/2019\/08\/20150830_085911-Kopie.jpg?resize=500%2C281&amp;ssl=1 500w, https:\/\/i0.wp.com\/der-kleine-landladen.de\/wp-content\/uploads\/2019\/08\/20150830_085911-Kopie.jpg?resize=768%2C432&amp;ssl=1 768w, https:\/\/i0.wp.com\/der-kleine-landladen.de\/wp-content\/uploads\/2019\/08\/20150830_085911-Kopie.jpg?resize=1024%2C576&amp;ssl=1 1024w, https:\/\/i0.wp.com\/der-kleine-landladen.de\/wp-content\/uploads\/2019\/08\/20150830_085911-Kopie.jpg?w=1575&amp;ssl=1 1575w\" sizes=\"(max-width: 500px) 100vw, 500px\" \/> <img data-recalc-dims=\"1\" decoding=\"async\" class=\"alignnone size-medium wp-image-570\" src=\"https:\/\/i0.wp.com\/ga-online-handel.de\/wp-content\/uploads\/2019\/08\/20150830_114139-Kopie-500x281.jpg?resize=500%2C281\" alt=\"\" width=\"500\" height=\"281\" srcset=\"https:\/\/i0.wp.com\/der-kleine-landladen.de\/wp-content\/uploads\/2019\/08\/20150830_114139-Kopie.jpg?resize=500%2C281&amp;ssl=1 500w, https:\/\/i0.wp.com\/der-kleine-landladen.de\/wp-content\/uploads\/2019\/08\/20150830_114139-Kopie.jpg?resize=768%2C432&amp;ssl=1 768w, https:\/\/i0.wp.com\/der-kleine-landladen.de\/wp-content\/uploads\/2019\/08\/20150830_114139-Kopie.jpg?resize=1024%2C576&amp;ssl=1 1024w, https:\/\/i0.wp.com\/der-kleine-landladen.de\/wp-content\/uploads\/2019\/08\/20150830_114139-Kopie.jpg?w=1575&amp;ssl=1 1575w\" sizes=\"(max-width: 500px) 100vw, 500px\" \/> <img data-recalc-dims=\"1\" decoding=\"async\" class=\"alignnone size-medium wp-image-571\" src=\"https:\/\/i0.wp.com\/ga-online-handel.de\/wp-content\/uploads\/2019\/08\/20150830_114149-Kopie-500x281.jpg?resize=500%2C281\" alt=\"\" width=\"500\" height=\"281\" srcset=\"https:\/\/i0.wp.com\/der-kleine-landladen.de\/wp-content\/uploads\/2019\/08\/20150830_114149-Kopie.jpg?resize=500%2C281&amp;ssl=1 500w, https:\/\/i0.wp.com\/der-kleine-landladen.de\/wp-content\/uploads\/2019\/08\/20150830_114149-Kopie.jpg?resize=768%2C432&amp;ssl=1 768w, https:\/\/i0.wp.com\/der-kleine-landladen.de\/wp-content\/uploads\/2019\/08\/20150830_114149-Kopie.jpg?resize=1024%2C576&amp;ssl=1 1024w, https:\/\/i0.wp.com\/der-kleine-landladen.de\/wp-content\/uploads\/2019\/08\/20150830_114149-Kopie.jpg?w=1575&amp;ssl=1 1575w\" sizes=\"(max-width: 500px) 100vw, 500px\" \/> <img data-recalc-dims=\"1\" loading=\"lazy\" decoding=\"async\" class=\"alignnone size-medium wp-image-572\" src=\"https:\/\/i0.wp.com\/ga-online-handel.de\/wp-content\/uploads\/2019\/08\/20150830_114217-500x281.jpg?resize=500%2C281\" alt=\"\" width=\"500\" height=\"281\" srcset=\"https:\/\/i0.wp.com\/der-kleine-landladen.de\/wp-content\/uploads\/2019\/08\/20150830_114217.jpg?resize=500%2C281&amp;ssl=1 500w, https:\/\/i0.wp.com\/der-kleine-landladen.de\/wp-content\/uploads\/2019\/08\/20150830_114217.jpg?resize=768%2C432&amp;ssl=1 768w, https:\/\/i0.wp.com\/der-kleine-landladen.de\/wp-content\/uploads\/2019\/08\/20150830_114217.jpg?resize=1024%2C576&amp;ssl=1 1024w, https:\/\/i0.wp.com\/der-kleine-landladen.de\/wp-content\/uploads\/2019\/08\/20150830_114217.jpg?w=1575&amp;ssl=1 1575w\" sizes=\"(max-width: 500px) 100vw, 500px\" \/> <img data-recalc-dims=\"1\" loading=\"lazy\" decoding=\"async\" class=\"alignnone size-medium wp-image-573\" src=\"https:\/\/i0.wp.com\/ga-online-handel.de\/wp-content\/uploads\/2019\/08\/20150830_120852-500x281.jpg?resize=500%2C281\" alt=\"\" width=\"500\" height=\"281\" srcset=\"https:\/\/i0.wp.com\/der-kleine-landladen.de\/wp-content\/uploads\/2019\/08\/20150830_120852.jpg?resize=500%2C281&amp;ssl=1 500w, https:\/\/i0.wp.com\/der-kleine-landladen.de\/wp-content\/uploads\/2019\/08\/20150830_120852.jpg?resize=768%2C432&amp;ssl=1 768w, https:\/\/i0.wp.com\/der-kleine-landladen.de\/wp-content\/uploads\/2019\/08\/20150830_120852.jpg?resize=1024%2C576&amp;ssl=1 1024w, https:\/\/i0.wp.com\/der-kleine-landladen.de\/wp-content\/uploads\/2019\/08\/20150830_120852.jpg?w=1575&amp;ssl=1 1575w\" sizes=\"(max-width: 500px) 100vw, 500px\" \/><\/p>\n","protected":false},"excerpt":{"rendered":"<p>Ja es ist schon wieder ein Jahr vergangen. Schloss Rammenau \u00f6ffnet seine Tor f\u00fcr die 24. Leinentage am Sonnabend den 24.08 und Sonntag den 25.08.2019. Ihr findet uns im Meierhof gegen\u00fcber den Pumpe. Erleben Sie zahlreiche Veranstaltungen rund ums Leinen, alte Handwerkskunst auf dem historischen Leinenmarkt, Kreationen von \u00fcber 200 Designern und Kunsthandwerkern aus ganz Europa und auch Schauvorf\u00fchrungen. Ort:\u00a0 Am Schloss 4 | 01877 Rammenau, Schloss Rammenau \u00d6ffnungszeiten: 24.08. und 25.08. von 10 bis 18 Uhr. &nbsp; Programm_Leinentage_2019 Hier noch einige Bilder von dem letzten Markt:<\/p>\n","protected":false},"author":1,"featured_media":0,"comment_status":"open","ping_status":"open","sticky":false,"template":"","format":"standard","meta":{"_jetpack_newsletter_access":"","_jetpack_dont_email_post_to_subs":false,"_jetpack_newsletter_tier_id":0,"_jetpack_memberships_contains_paywalled_content":false,"_jetpack_feature_clip_id":0,"_jetpack_memberships_contains_paid_content":false,"footnotes":"","jetpack_publicize_message":"","jetpack_publicize_feature_enabled":true,"jetpack_social_post_already_shared":false,"jetpack_social_options":{"image_generator_settings":{"template":"highway","default_image_id":0,"font":"","enabled":false},"version":2},"jetpack_post_was_ever_published":false},"categories":[91,1],"tags":[],"class_list":["post-564","post","type-post","status-publish","format-standard","hentry","category-news","category-liebevolle-deko-geschenkideen-willkommen-im-kleinen-landladen-in-klein-doebbern"],"jetpack_publicize_connections":[],"jetpack_featured_media_url":"","jetpack-related-posts":[],"jetpack_sharing_enabled":true,"_links":{"self":[{"href":"https:\/\/der-kleine-landladen.de\/index.php?rest_route=\/wp\/v2\/posts\/564","targetHints":{"allow":["GET"]}}],"collection":[{"href":"https:\/\/der-kleine-landladen.de\/index.php?rest_route=\/wp\/v2\/posts"}],"about":[{"href":"https:\/\/der-kleine-landladen.de\/index.php?rest_route=\/wp\/v2\/types\/post"}],"author":[{"embeddable":true,"href":"https:\/\/der-kleine-landladen.de\/index.php?rest_route=\/wp\/v2\/users\/1"}],"replies":[{"embeddable":true,"href":"https:\/\/der-kleine-landladen.de\/index.php?rest_route=%2Fwp%2Fv2%2Fcomments&post=564"}],"version-history":[{"count":4,"href":"https:\/\/der-kleine-landladen.de\/index.php?rest_route=\/wp\/v2\/posts\/564\/revisions"}],"predecessor-version":[{"id":574,"href":"https:\/\/der-kleine-landladen.de\/index.php?rest_route=\/wp\/v2\/posts\/564\/revisions\/574"}],"wp:attachment":[{"href":"https:\/\/der-kleine-landladen.de\/index.php?rest_route=%2Fwp%2Fv2%2Fmedia&parent=564"}],"wp:term":[{"taxonomy":"category","embeddable":true,"href":"https:\/\/der-kleine-landladen.de\/index.php?rest_route=%2Fwp%2Fv2%2Fcategories&post=564"},{"taxonomy":"post_tag","embeddable":true,"href":"https:\/\/der-kleine-landladen.de\/index.php?rest_route=%2Fwp%2Fv2%2Ftags&post=564"}],"curies":[{"name":"wp","href":"https:\/\/api.w.org\/{rel}","templated":true}]}}