{"id":588,"date":"2019-09-12T12:54:40","date_gmt":"2019-09-12T12:54:40","guid":{"rendered":"http:\/\/der-kleine-landladen.de\/?p=588"},"modified":"2019-09-12T12:56:05","modified_gmt":"2019-09-12T12:56:05","slug":"weihnachten-auf-dem-lande","status":"publish","type":"post","link":"https:\/\/der-kleine-landladen.de\/?p=588","title":{"rendered":"Weihnachten auf dem Lande"},"content":{"rendered":"<p>&nbsp;<\/p>\n<p>Es wird nun zur guten Tradition, unsere Adventsveranstaltung auf dem Hof in Klein D\u00f6bbern zu veranstalten.<\/p>\n<p>Wir laden unsere Kunden und Freunde zum Weihnachten auf dem Lande am<\/p>\n<p>Sonnabend den 09. November von 13 bis 18 Uhr<br \/>\nKlein D\u00f6bbern, Kastanienweg 3<\/p>\n<p>ein. Auch wie letztes Jahr gibt es Gl\u00fchwein und Gl\u00fchweinkuchen und auch der Feuerkorb wird nicht fehlen.<\/p>\n<p>&nbsp;<\/p>\n<p>Noch ein paar Impressionen vom letzten Jahr.<\/p>\n<p>&nbsp;<\/p>\n<p><img data-recalc-dims=\"1\" fetchpriority=\"high\" decoding=\"async\" class=\"alignnone size-medium wp-image-227\" src=\"https:\/\/i0.wp.com\/ga-online-handel.de\/wp-content\/uploads\/2018\/10\/DSC03811-500x332.jpg?resize=500%2C332\" alt=\"\" width=\"500\" height=\"332\" srcset=\"https:\/\/i0.wp.com\/der-kleine-landladen.de\/wp-content\/uploads\/2018\/10\/DSC03811.jpg?resize=500%2C332&amp;ssl=1 500w, https:\/\/i0.wp.com\/der-kleine-landladen.de\/wp-content\/uploads\/2018\/10\/DSC03811.jpg?resize=768%2C509&amp;ssl=1 768w, https:\/\/i0.wp.com\/der-kleine-landladen.de\/wp-content\/uploads\/2018\/10\/DSC03811.jpg?resize=1024%2C679&amp;ssl=1 1024w, https:\/\/i0.wp.com\/der-kleine-landladen.de\/wp-content\/uploads\/2018\/10\/DSC03811.jpg?w=1575&amp;ssl=1 1575w\" sizes=\"(max-width: 500px) 100vw, 500px\" \/><\/p>\n<p><img data-recalc-dims=\"1\" decoding=\"async\" class=\"alignnone size-medium wp-image-237\" src=\"https:\/\/i0.wp.com\/ga-online-handel.de\/wp-content\/uploads\/2018\/11\/DSC03841-500x332.jpg?resize=500%2C332\" alt=\"\" width=\"500\" height=\"332\" srcset=\"https:\/\/i0.wp.com\/der-kleine-landladen.de\/wp-content\/uploads\/2018\/11\/DSC03841.jpg?resize=500%2C332&amp;ssl=1 500w, https:\/\/i0.wp.com\/der-kleine-landladen.de\/wp-content\/uploads\/2018\/11\/DSC03841.jpg?resize=768%2C509&amp;ssl=1 768w, https:\/\/i0.wp.com\/der-kleine-landladen.de\/wp-content\/uploads\/2018\/11\/DSC03841.jpg?resize=1024%2C679&amp;ssl=1 1024w, https:\/\/i0.wp.com\/der-kleine-landladen.de\/wp-content\/uploads\/2018\/11\/DSC03841.jpg?w=1575&amp;ssl=1 1575w\" sizes=\"(max-width: 500px) 100vw, 500px\" \/><\/p>\n<p><img data-recalc-dims=\"1\" decoding=\"async\" class=\"alignnone size-medium wp-image-235\" src=\"https:\/\/i0.wp.com\/ga-online-handel.de\/wp-content\/uploads\/2018\/11\/DSC03829-500x332.jpg?resize=500%2C332\" alt=\"\" width=\"500\" height=\"332\" srcset=\"https:\/\/i0.wp.com\/der-kleine-landladen.de\/wp-content\/uploads\/2018\/11\/DSC03829.jpg?resize=500%2C332&amp;ssl=1 500w, https:\/\/i0.wp.com\/der-kleine-landladen.de\/wp-content\/uploads\/2018\/11\/DSC03829.jpg?resize=768%2C509&amp;ssl=1 768w, https:\/\/i0.wp.com\/der-kleine-landladen.de\/wp-content\/uploads\/2018\/11\/DSC03829.jpg?resize=1024%2C679&amp;ssl=1 1024w, https:\/\/i0.wp.com\/der-kleine-landladen.de\/wp-content\/uploads\/2018\/11\/DSC03829.jpg?w=1575&amp;ssl=1 1575w\" sizes=\"(max-width: 500px) 100vw, 500px\" \/><\/p>\n","protected":false},"excerpt":{"rendered":"<p>&nbsp; Es wird nun zur guten Tradition, unsere Adventsveranstaltung auf dem Hof in Klein D\u00f6bbern zu veranstalten. Wir laden unsere Kunden und Freunde zum Weihnachten auf dem Lande am Sonnabend den 09. November von 13 bis 18 Uhr Klein D\u00f6bbern, Kastanienweg 3 ein. Auch wie letztes Jahr gibt es Gl\u00fchwein und Gl\u00fchweinkuchen und auch der Feuerkorb wird nicht fehlen. &nbsp; Noch ein paar Impressionen vom letzten Jahr. &nbsp;<\/p>\n","protected":false},"author":1,"featured_media":0,"comment_status":"open","ping_status":"open","sticky":false,"template":"","format":"standard","meta":{"_jetpack_newsletter_access":"","_jetpack_dont_email_post_to_subs":false,"_jetpack_newsletter_tier_id":0,"_jetpack_memberships_contains_paywalled_content":false,"_jetpack_feature_clip_id":0,"_jetpack_memberships_contains_paid_content":false,"footnotes":"","jetpack_publicize_message":"","jetpack_publicize_feature_enabled":true,"jetpack_social_post_already_shared":false,"jetpack_social_options":{"image_generator_settings":{"template":"highway","default_image_id":0,"font":"","enabled":false},"version":2},"jetpack_post_was_ever_published":false},"categories":[91],"tags":[],"class_list":["post-588","post","type-post","status-publish","format-standard","hentry","category-news"],"jetpack_publicize_connections":[],"jetpack_featured_media_url":"","jetpack-related-posts":[],"jetpack_sharing_enabled":true,"_links":{"self":[{"href":"https:\/\/der-kleine-landladen.de\/index.php?rest_route=\/wp\/v2\/posts\/588","targetHints":{"allow":["GET"]}}],"collection":[{"href":"https:\/\/der-kleine-landladen.de\/index.php?rest_route=\/wp\/v2\/posts"}],"about":[{"href":"https:\/\/der-kleine-landladen.de\/index.php?rest_route=\/wp\/v2\/types\/post"}],"author":[{"embeddable":true,"href":"https:\/\/der-kleine-landladen.de\/index.php?rest_route=\/wp\/v2\/users\/1"}],"replies":[{"embeddable":true,"href":"https:\/\/der-kleine-landladen.de\/index.php?rest_route=%2Fwp%2Fv2%2Fcomments&post=588"}],"version-history":[{"count":2,"href":"https:\/\/der-kleine-landladen.de\/index.php?rest_route=\/wp\/v2\/posts\/588\/revisions"}],"predecessor-version":[{"id":590,"href":"https:\/\/der-kleine-landladen.de\/index.php?rest_route=\/wp\/v2\/posts\/588\/revisions\/590"}],"wp:attachment":[{"href":"https:\/\/der-kleine-landladen.de\/index.php?rest_route=%2Fwp%2Fv2%2Fmedia&parent=588"}],"wp:term":[{"taxonomy":"category","embeddable":true,"href":"https:\/\/der-kleine-landladen.de\/index.php?rest_route=%2Fwp%2Fv2%2Fcategories&post=588"},{"taxonomy":"post_tag","embeddable":true,"href":"https:\/\/der-kleine-landladen.de\/index.php?rest_route=%2Fwp%2Fv2%2Ftags&post=588"}],"curies":[{"name":"wp","href":"https:\/\/api.w.org\/{rel}","templated":true}]}}