{"id":885,"date":"2020-06-06T08:00:16","date_gmt":"2020-06-06T08:00:16","guid":{"rendered":"http:\/\/der-kleine-landladen.de\/?p=885"},"modified":"2020-09-15T19:51:49","modified_gmt":"2020-09-15T17:51:49","slug":"start-in-den-juni","status":"publish","type":"post","link":"https:\/\/der-kleine-landladen.de\/?p=885","title":{"rendered":"Start in den Juni"},"content":{"rendered":"<p>Der kleine Landladen hat heute von 13 bis 17 Uhr f\u00fcr euch ge\u00f6ffnet. Es ist Pflanzzeit und im Garten gibt es viel zu tun. Wir haben kleine Z\u00e4unchen zur Versch\u00f6nerung der Beete oder als Kletterhilfe f\u00fcr Staudenpflanzen. Auch eine Gartenschere und Gartenstecker findet ihr bei uns als kleine sch\u00f6ne Utensilien.\u00a0 Aber seht selbst, wir freuen uns auf euch.<\/p>\n<p><img data-recalc-dims=\"1\" fetchpriority=\"high\" decoding=\"async\" class=\"alignnone size-medium wp-image-886\" src=\"https:\/\/i0.wp.com\/ga-online-handel.de\/wp-content\/uploads\/2020\/06\/DSC04929-500x332.jpg?resize=500%2C332\" alt=\"\" width=\"500\" height=\"332\" srcset=\"https:\/\/i0.wp.com\/der-kleine-landladen.de\/wp-content\/uploads\/2020\/06\/DSC04929.jpg?resize=500%2C332&amp;ssl=1 500w, https:\/\/i0.wp.com\/der-kleine-landladen.de\/wp-content\/uploads\/2020\/06\/DSC04929.jpg?resize=768%2C509&amp;ssl=1 768w, https:\/\/i0.wp.com\/der-kleine-landladen.de\/wp-content\/uploads\/2020\/06\/DSC04929.jpg?resize=1024%2C679&amp;ssl=1 1024w, https:\/\/i0.wp.com\/der-kleine-landladen.de\/wp-content\/uploads\/2020\/06\/DSC04929.jpg?w=1575&amp;ssl=1 1575w\" sizes=\"(max-width: 500px) 100vw, 500px\" \/> <img data-recalc-dims=\"1\" decoding=\"async\" class=\"alignnone size-medium wp-image-887\" src=\"https:\/\/i0.wp.com\/ga-online-handel.de\/wp-content\/uploads\/2020\/06\/DSC04930-500x332.jpg?resize=500%2C332\" alt=\"\" width=\"500\" height=\"332\" srcset=\"https:\/\/i0.wp.com\/der-kleine-landladen.de\/wp-content\/uploads\/2020\/06\/DSC04930.jpg?resize=500%2C332&amp;ssl=1 500w, https:\/\/i0.wp.com\/der-kleine-landladen.de\/wp-content\/uploads\/2020\/06\/DSC04930.jpg?resize=768%2C509&amp;ssl=1 768w, https:\/\/i0.wp.com\/der-kleine-landladen.de\/wp-content\/uploads\/2020\/06\/DSC04930.jpg?resize=1024%2C679&amp;ssl=1 1024w, https:\/\/i0.wp.com\/der-kleine-landladen.de\/wp-content\/uploads\/2020\/06\/DSC04930.jpg?w=1575&amp;ssl=1 1575w\" sizes=\"(max-width: 500px) 100vw, 500px\" \/> <img data-recalc-dims=\"1\" decoding=\"async\" class=\"alignnone size-medium wp-image-888\" src=\"https:\/\/i0.wp.com\/ga-online-handel.de\/wp-content\/uploads\/2020\/06\/DSC04931-500x332.jpg?resize=500%2C332\" alt=\"\" width=\"500\" height=\"332\" srcset=\"https:\/\/i0.wp.com\/der-kleine-landladen.de\/wp-content\/uploads\/2020\/06\/DSC04931.jpg?resize=500%2C332&amp;ssl=1 500w, https:\/\/i0.wp.com\/der-kleine-landladen.de\/wp-content\/uploads\/2020\/06\/DSC04931.jpg?resize=768%2C509&amp;ssl=1 768w, https:\/\/i0.wp.com\/der-kleine-landladen.de\/wp-content\/uploads\/2020\/06\/DSC04931.jpg?resize=1024%2C679&amp;ssl=1 1024w, https:\/\/i0.wp.com\/der-kleine-landladen.de\/wp-content\/uploads\/2020\/06\/DSC04931.jpg?w=1575&amp;ssl=1 1575w\" sizes=\"(max-width: 500px) 100vw, 500px\" \/> <img data-recalc-dims=\"1\" loading=\"lazy\" decoding=\"async\" class=\"alignnone size-medium wp-image-889\" src=\"https:\/\/i0.wp.com\/ga-online-handel.de\/wp-content\/uploads\/2020\/06\/DSC04932-500x332.jpg?resize=500%2C332\" alt=\"\" width=\"500\" height=\"332\" srcset=\"https:\/\/i0.wp.com\/der-kleine-landladen.de\/wp-content\/uploads\/2020\/06\/DSC04932.jpg?resize=500%2C332&amp;ssl=1 500w, https:\/\/i0.wp.com\/der-kleine-landladen.de\/wp-content\/uploads\/2020\/06\/DSC04932.jpg?resize=768%2C509&amp;ssl=1 768w, https:\/\/i0.wp.com\/der-kleine-landladen.de\/wp-content\/uploads\/2020\/06\/DSC04932.jpg?resize=1024%2C679&amp;ssl=1 1024w, https:\/\/i0.wp.com\/der-kleine-landladen.de\/wp-content\/uploads\/2020\/06\/DSC04932.jpg?w=1575&amp;ssl=1 1575w\" sizes=\"(max-width: 500px) 100vw, 500px\" \/> <img data-recalc-dims=\"1\" loading=\"lazy\" decoding=\"async\" class=\"alignnone size-medium wp-image-890\" src=\"https:\/\/i0.wp.com\/ga-online-handel.de\/wp-content\/uploads\/2020\/06\/DSC04933-500x332.jpg?resize=500%2C332\" alt=\"\" width=\"500\" height=\"332\" srcset=\"https:\/\/i0.wp.com\/der-kleine-landladen.de\/wp-content\/uploads\/2020\/06\/DSC04933.jpg?resize=500%2C332&amp;ssl=1 500w, https:\/\/i0.wp.com\/der-kleine-landladen.de\/wp-content\/uploads\/2020\/06\/DSC04933.jpg?resize=768%2C509&amp;ssl=1 768w, https:\/\/i0.wp.com\/der-kleine-landladen.de\/wp-content\/uploads\/2020\/06\/DSC04933.jpg?resize=1024%2C679&amp;ssl=1 1024w, https:\/\/i0.wp.com\/der-kleine-landladen.de\/wp-content\/uploads\/2020\/06\/DSC04933.jpg?w=1575&amp;ssl=1 1575w\" sizes=\"(max-width: 500px) 100vw, 500px\" \/> <img data-recalc-dims=\"1\" loading=\"lazy\" decoding=\"async\" class=\"alignnone size-medium wp-image-891\" src=\"https:\/\/i0.wp.com\/ga-online-handel.de\/wp-content\/uploads\/2020\/06\/DSC04934-500x332.jpg?resize=500%2C332\" alt=\"\" width=\"500\" height=\"332\" srcset=\"https:\/\/i0.wp.com\/der-kleine-landladen.de\/wp-content\/uploads\/2020\/06\/DSC04934.jpg?resize=500%2C332&amp;ssl=1 500w, https:\/\/i0.wp.com\/der-kleine-landladen.de\/wp-content\/uploads\/2020\/06\/DSC04934.jpg?resize=768%2C509&amp;ssl=1 768w, https:\/\/i0.wp.com\/der-kleine-landladen.de\/wp-content\/uploads\/2020\/06\/DSC04934.jpg?resize=1024%2C679&amp;ssl=1 1024w, https:\/\/i0.wp.com\/der-kleine-landladen.de\/wp-content\/uploads\/2020\/06\/DSC04934.jpg?w=1575&amp;ssl=1 1575w\" sizes=\"(max-width: 500px) 100vw, 500px\" \/><\/p>\n","protected":false},"excerpt":{"rendered":"<p>Der kleine Landladen hat heute von 13 bis 17 Uhr f\u00fcr euch ge\u00f6ffnet. Es ist Pflanzzeit und im Garten gibt es viel zu tun. Wir haben kleine Z\u00e4unchen zur Versch\u00f6nerung der Beete oder als Kletterhilfe f\u00fcr Staudenpflanzen. Auch eine Gartenschere und Gartenstecker findet ihr bei uns als kleine sch\u00f6ne Utensilien.\u00a0 Aber seht selbst, wir freuen uns auf euch.<\/p>\n","protected":false},"author":1,"featured_media":0,"comment_status":"open","ping_status":"open","sticky":false,"template":"","format":"standard","meta":{"_jetpack_newsletter_access":"","_jetpack_dont_email_post_to_subs":false,"_jetpack_newsletter_tier_id":0,"_jetpack_memberships_contains_paywalled_content":false,"_jetpack_feature_clip_id":0,"_jetpack_memberships_contains_paid_content":false,"footnotes":"","jetpack_publicize_message":"","jetpack_publicize_feature_enabled":true,"jetpack_social_post_already_shared":false,"jetpack_social_options":{"image_generator_settings":{"template":"highway","default_image_id":0,"font":"","enabled":false},"version":2},"jetpack_post_was_ever_published":false},"categories":[78,89,91,1],"tags":[],"class_list":["post-885","post","type-post","status-publish","format-standard","hentry","category-impressionen-vom-markt","category-neues","category-news","category-liebevolle-deko-geschenkideen-willkommen-im-kleinen-landladen-in-klein-doebbern"],"jetpack_publicize_connections":[],"jetpack_featured_media_url":"","jetpack-related-posts":[],"jetpack_sharing_enabled":true,"_links":{"self":[{"href":"https:\/\/der-kleine-landladen.de\/index.php?rest_route=\/wp\/v2\/posts\/885","targetHints":{"allow":["GET"]}}],"collection":[{"href":"https:\/\/der-kleine-landladen.de\/index.php?rest_route=\/wp\/v2\/posts"}],"about":[{"href":"https:\/\/der-kleine-landladen.de\/index.php?rest_route=\/wp\/v2\/types\/post"}],"author":[{"embeddable":true,"href":"https:\/\/der-kleine-landladen.de\/index.php?rest_route=\/wp\/v2\/users\/1"}],"replies":[{"embeddable":true,"href":"https:\/\/der-kleine-landladen.de\/index.php?rest_route=%2Fwp%2Fv2%2Fcomments&post=885"}],"version-history":[{"count":2,"href":"https:\/\/der-kleine-landladen.de\/index.php?rest_route=\/wp\/v2\/posts\/885\/revisions"}],"predecessor-version":[{"id":1185,"href":"https:\/\/der-kleine-landladen.de\/index.php?rest_route=\/wp\/v2\/posts\/885\/revisions\/1185"}],"wp:attachment":[{"href":"https:\/\/der-kleine-landladen.de\/index.php?rest_route=%2Fwp%2Fv2%2Fmedia&parent=885"}],"wp:term":[{"taxonomy":"category","embeddable":true,"href":"https:\/\/der-kleine-landladen.de\/index.php?rest_route=%2Fwp%2Fv2%2Fcategories&post=885"},{"taxonomy":"post_tag","embeddable":true,"href":"https:\/\/der-kleine-landladen.de\/index.php?rest_route=%2Fwp%2Fv2%2Ftags&post=885"}],"curies":[{"name":"wp","href":"https:\/\/api.w.org\/{rel}","templated":true}]}}